{"id":36614,"date":"2025-02-07T12:20:05","date_gmt":"2025-02-07T17:20:05","guid":{"rendered":"https:\/\/coqhcyt.qroo.gob.mx\/?p=36614"},"modified":"2025-02-07T12:20:05","modified_gmt":"2025-02-07T17:20:05","slug":"convocatoria-delfin-2025","status":"publish","type":"post","link":"https:\/\/coqhcyt.qroo.gob.mx\/index.php\/convocatoria-delfin-2025\/","title":{"rendered":"Convocatoria DELFIN 2025"},"content":{"rendered":"\n<p>El Consejo Quintanarroense de Humanidades, Ciencias y Tecnolog\u00edas convoca a estudiantes de licenciatura y posgrado de todas las \u00e1reas del conocimiento de las Instituciones de Educaci\u00f3n Superior del estado de Quintana Roo, a participar en el 30 verano de Investigaci\u00f3n Cient\u00edfica y Tecnol\u00f3gica del Pac\u00edfico 2025.&nbsp;<\/p>\n\n\n\n<p>Con el objetivo de fomentar la formaci\u00f3n de capital intelectual de alto nivel acad\u00e9mico que en el futuro inmediato contribuyan en el desarrollo regional, nacional e internacional.<\/p>\n\n\n\n<ul class=\"wp-block-list\">\n<li>Recepci\u00f3n de solicitudes hasta el d\u00eda viernes 14 de marzo a las 14:00 hrs.\u00a0<\/li>\n\n\n\n<li>Solicita informaci\u00f3n a los siguientes medios de contacto: Departamento de Apoyo a la Actividad Cient\u00edfica Horario de oficina de: 9:30 hrs. a 16:00 hrs. Tel. 983831911 9838331912 ext. 110 <a href=\"mailto:veranocoqcyt@gmail.com\">veranocoqcyt@gmail.com<\/a><\/li>\n\n\n\n<li>El expediente a entregar deber\u00e1 ser enviado de manera digital al correo: <a href=\"mailto:veranocoqcyt@gmail.com\">veranocoqcyt@gmail.com<\/a>\u00a0<\/li>\n<\/ul>\n\n\n\n<p>Encuentra la convocatoria en:&nbsp;&nbsp;<a rel=\"noreferrer noopener\" target=\"_blank\" href=\"https:\/\/na01.safelinks.protection.outlook.com\/?url=https%3A%2F%2Fprogramadelfin.org.mx%2Frecursos%2Fdocumentos%2Fvictp25-convocatoria-mexico.pdf%3Fv%3D3&amp;data=05%7C02%7C%7Ca852046128324b941bc608dd46cb8841%7C84df9e7fe9f640afb435aaaaaaaaaaaa%7C1%7C0%7C638744562178245992%7CUnknown%7CTWFpbGZsb3d8eyJFbXB0eU1hcGkiOnRydWUsIlYiOiIwLjAuMDAwMCIsIlAiOiJXaW4zMiIsIkFOIjoiTWFpbCIsIldUIjoyfQ%3D%3D%7C0%7C%7C%7C&amp;sdata=G4hSLJiwcJXjAoeZ3nOql31i3Z%2BTKeX4C06gurF675Y%3D&amp;reserved=0\">https:\/\/programadelfin.org.mx\/recursos\/documentos\/victp25-convocatoria-mexico.pdf?v=3<\/a>&nbsp;<\/p>\n","protected":false},"excerpt":{"rendered":"<p>El Consejo Quintanarroense de Humanidades, Ciencias y Tecnolog\u00edas convoca a estudiantes de licenciatura y posgrado de todas las \u00e1reas del conocimiento de las Instituciones de Educaci\u00f3n Superior del estado de Quintana Roo, a participar en el 30 verano de Investigaci\u00f3n Cient\u00edfica y Tecnol\u00f3gica del Pac\u00edfico 2025.&nbsp; Con el objetivo de fomentar la formaci\u00f3n de capital &#8230; <a title=\"Convocatoria DELFIN 2025\" class=\"read-more\" href=\"https:\/\/coqhcyt.qroo.gob.mx\/index.php\/convocatoria-delfin-2025\/\" aria-label=\"Leer m\u00e1s sobre Convocatoria DELFIN 2025\">Leer m\u00e1s<\/a><\/p>\n","protected":false},"author":4,"featured_media":36615,"comment_status":"open","ping_status":"open","sticky":false,"template":"","format":"standard","meta":{"_eb_attr":"","footnotes":""},"categories":[1],"tags":[],"class_list":["post-36614","post","type-post","status-publish","format-standard","has-post-thumbnail","hentry","category-sin-categoria"],"yoast_head":"<!-- This site is optimized with the Yoast SEO plugin v27.5 - https:\/\/yoast.com\/product\/yoast-seo-wordpress\/ -->\n<title>Convocatoria DELFIN 2025 - Consejo Quintanarroense de Humanidades, Ciencias y Tecnolog\u00edas<\/title>\n<meta name=\"robots\" content=\"index, follow, max-snippet:-1, max-image-preview:large, max-video-preview:-1\" \/>\n<link rel=\"canonical\" href=\"https:\/\/coqhcyt.qroo.gob.mx\/index.php\/convocatoria-delfin-2025\/\" \/>\n<meta property=\"og:locale\" content=\"es_MX\" \/>\n<meta property=\"og:type\" content=\"article\" \/>\n<meta property=\"og:title\" content=\"Convocatoria DELFIN 2025 - Consejo Quintanarroense de Humanidades, Ciencias y Tecnolog\u00edas\" \/>\n<meta property=\"og:description\" content=\"El Consejo Quintanarroense de Humanidades, Ciencias y Tecnolog\u00edas convoca a estudiantes de licenciatura y posgrado de todas las \u00e1reas del conocimiento de las Instituciones de Educaci\u00f3n Superior del estado de Quintana Roo, a participar en el 30 verano de Investigaci\u00f3n Cient\u00edfica y Tecnol\u00f3gica del Pac\u00edfico 2025.&nbsp; Con el objetivo de fomentar la formaci\u00f3n de capital ... Leer m\u00e1s\" \/>\n<meta property=\"og:url\" content=\"https:\/\/coqhcyt.qroo.gob.mx\/index.php\/convocatoria-delfin-2025\/\" \/>\n<meta property=\"og:site_name\" content=\"Consejo Quintanarroense de Humanidades, Ciencias y Tecnolog\u00edas\" \/>\n<meta property=\"article:published_time\" content=\"2025-02-07T17:20:05+00:00\" \/>\n<meta property=\"og:image\" content=\"https:\/\/coqhcyt.qroo.gob.mx\/wp-content\/uploads\/2025\/02\/VERANO-DELFIN-2025-051-scaled.jpg\" \/>\n\t<meta property=\"og:image:width\" content=\"2560\" \/>\n\t<meta property=\"og:image:height\" content=\"674\" \/>\n\t<meta property=\"og:image:type\" content=\"image\/jpeg\" \/>\n<meta name=\"author\" content=\"Jes\u00fas G\u00f3mez\" \/>\n<meta name=\"twitter:card\" content=\"summary_large_image\" \/>\n<meta name=\"twitter:label1\" content=\"Escrito por\" \/>\n\t<meta name=\"twitter:data1\" content=\"Jes\u00fas G\u00f3mez\" \/>\n\t<meta name=\"twitter:label2\" content=\"Tiempo de lectura\" \/>\n\t<meta name=\"twitter:data2\" content=\"1 minuto\" \/>\n<script type=\"application\/ld+json\" class=\"yoast-schema-graph\">{\"@context\":\"https:\\\/\\\/schema.org\",\"@graph\":[{\"@type\":\"Article\",\"@id\":\"https:\\\/\\\/coqhcyt.qroo.gob.mx\\\/index.php\\\/convocatoria-delfin-2025\\\/#article\",\"isPartOf\":{\"@id\":\"https:\\\/\\\/coqhcyt.qroo.gob.mx\\\/index.php\\\/convocatoria-delfin-2025\\\/\"},\"author\":{\"name\":\"Jes\u00fas G\u00f3mez\",\"@id\":\"https:\\\/\\\/coqhcyt.qroo.gob.mx\\\/#\\\/schema\\\/person\\\/f7ae0a6e103bf4d7d8eea0b7b3b97000\"},\"headline\":\"Convocatoria DELFIN 2025\",\"datePublished\":\"2025-02-07T17:20:05+00:00\",\"mainEntityOfPage\":{\"@id\":\"https:\\\/\\\/coqhcyt.qroo.gob.mx\\\/index.php\\\/convocatoria-delfin-2025\\\/\"},\"wordCount\":157,\"commentCount\":0,\"publisher\":{\"@id\":\"https:\\\/\\\/coqhcyt.qroo.gob.mx\\\/#organization\"},\"image\":{\"@id\":\"https:\\\/\\\/coqhcyt.qroo.gob.mx\\\/index.php\\\/convocatoria-delfin-2025\\\/#primaryimage\"},\"thumbnailUrl\":\"https:\\\/\\\/coqhcyt.qroo.gob.mx\\\/wp-content\\\/uploads\\\/2025\\\/02\\\/VERANO-DELFIN-2025-051-scaled.jpg\",\"articleSection\":[\"Sin Categor\u00eda\"],\"inLanguage\":\"es\",\"potentialAction\":[{\"@type\":\"CommentAction\",\"name\":\"Comment\",\"target\":[\"https:\\\/\\\/coqhcyt.qroo.gob.mx\\\/index.php\\\/convocatoria-delfin-2025\\\/#respond\"]}]},{\"@type\":\"WebPage\",\"@id\":\"https:\\\/\\\/coqhcyt.qroo.gob.mx\\\/index.php\\\/convocatoria-delfin-2025\\\/\",\"url\":\"https:\\\/\\\/coqhcyt.qroo.gob.mx\\\/index.php\\\/convocatoria-delfin-2025\\\/\",\"name\":\"Convocatoria DELFIN 2025 - Consejo Quintanarroense de Humanidades, Ciencias y Tecnolog\u00edas\",\"isPartOf\":{\"@id\":\"https:\\\/\\\/coqhcyt.qroo.gob.mx\\\/#website\"},\"primaryImageOfPage\":{\"@id\":\"https:\\\/\\\/coqhcyt.qroo.gob.mx\\\/index.php\\\/convocatoria-delfin-2025\\\/#primaryimage\"},\"image\":{\"@id\":\"https:\\\/\\\/coqhcyt.qroo.gob.mx\\\/index.php\\\/convocatoria-delfin-2025\\\/#primaryimage\"},\"thumbnailUrl\":\"https:\\\/\\\/coqhcyt.qroo.gob.mx\\\/wp-content\\\/uploads\\\/2025\\\/02\\\/VERANO-DELFIN-2025-051-scaled.jpg\",\"datePublished\":\"2025-02-07T17:20:05+00:00\",\"breadcrumb\":{\"@id\":\"https:\\\/\\\/coqhcyt.qroo.gob.mx\\\/index.php\\\/convocatoria-delfin-2025\\\/#breadcrumb\"},\"inLanguage\":\"es\",\"potentialAction\":[{\"@type\":\"ReadAction\",\"target\":[\"https:\\\/\\\/coqhcyt.qroo.gob.mx\\\/index.php\\\/convocatoria-delfin-2025\\\/\"]}]},{\"@type\":\"ImageObject\",\"inLanguage\":\"es\",\"@id\":\"https:\\\/\\\/coqhcyt.qroo.gob.mx\\\/index.php\\\/convocatoria-delfin-2025\\\/#primaryimage\",\"url\":\"https:\\\/\\\/coqhcyt.qroo.gob.mx\\\/wp-content\\\/uploads\\\/2025\\\/02\\\/VERANO-DELFIN-2025-051-scaled.jpg\",\"contentUrl\":\"https:\\\/\\\/coqhcyt.qroo.gob.mx\\\/wp-content\\\/uploads\\\/2025\\\/02\\\/VERANO-DELFIN-2025-051-scaled.jpg\",\"width\":2560,\"height\":674},{\"@type\":\"BreadcrumbList\",\"@id\":\"https:\\\/\\\/coqhcyt.qroo.gob.mx\\\/index.php\\\/convocatoria-delfin-2025\\\/#breadcrumb\",\"itemListElement\":[{\"@type\":\"ListItem\",\"position\":1,\"name\":\"Inicio\",\"item\":\"https:\\\/\\\/coqhcyt.qroo.gob.mx\\\/\"},{\"@type\":\"ListItem\",\"position\":2,\"name\":\"Convocatoria DELFIN 2025\"}]},{\"@type\":\"WebSite\",\"@id\":\"https:\\\/\\\/coqhcyt.qroo.gob.mx\\\/#website\",\"url\":\"https:\\\/\\\/coqhcyt.qroo.gob.mx\\\/\",\"name\":\"Consejo Quintanarroense de Humanidades, Ciencias y Tecnolog\u00edas\",\"description\":\"COQHCYT, anteriormente conocida como COQCYT Quintana Roo atendemos los estudios de las humanidades, ciencia y tecnolog\u00eda del estado de Quintana Roo\",\"publisher\":{\"@id\":\"https:\\\/\\\/coqhcyt.qroo.gob.mx\\\/#organization\"},\"potentialAction\":[{\"@type\":\"SearchAction\",\"target\":{\"@type\":\"EntryPoint\",\"urlTemplate\":\"https:\\\/\\\/coqhcyt.qroo.gob.mx\\\/?s={search_term_string}\"},\"query-input\":{\"@type\":\"PropertyValueSpecification\",\"valueRequired\":true,\"valueName\":\"search_term_string\"}}],\"inLanguage\":\"es\"},{\"@type\":\"Organization\",\"@id\":\"https:\\\/\\\/coqhcyt.qroo.gob.mx\\\/#organization\",\"name\":\"Consejo Quintanarroense de Humanidades, Ciencias y Tecnolog\u00edas\",\"url\":\"https:\\\/\\\/coqhcyt.qroo.gob.mx\\\/\",\"logo\":{\"@type\":\"ImageObject\",\"inLanguage\":\"es\",\"@id\":\"https:\\\/\\\/coqhcyt.qroo.gob.mx\\\/#\\\/schema\\\/logo\\\/image\\\/\",\"url\":\"https:\\\/\\\/coqhcyt.qroo.gob.mx\\\/wp-content\\\/uploads\\\/2024\\\/08\\\/cropped-LOGO-COQHCYT-e1724120083330.png\",\"contentUrl\":\"https:\\\/\\\/coqhcyt.qroo.gob.mx\\\/wp-content\\\/uploads\\\/2024\\\/08\\\/cropped-LOGO-COQHCYT-e1724120083330.png\",\"width\":6127,\"height\":1863,\"caption\":\"Consejo Quintanarroense de Humanidades, Ciencias y Tecnolog\u00edas\"},\"image\":{\"@id\":\"https:\\\/\\\/coqhcyt.qroo.gob.mx\\\/#\\\/schema\\\/logo\\\/image\\\/\"}},{\"@type\":\"Person\",\"@id\":\"https:\\\/\\\/coqhcyt.qroo.gob.mx\\\/#\\\/schema\\\/person\\\/f7ae0a6e103bf4d7d8eea0b7b3b97000\",\"name\":\"Jes\u00fas G\u00f3mez\",\"image\":{\"@type\":\"ImageObject\",\"inLanguage\":\"es\",\"@id\":\"https:\\\/\\\/secure.gravatar.com\\\/avatar\\\/925549d84997d3095f3990ac4868d1aec439b1a53c3fb6c3375bf24704ee527e?s=96&d=mm&r=g\",\"url\":\"https:\\\/\\\/secure.gravatar.com\\\/avatar\\\/925549d84997d3095f3990ac4868d1aec439b1a53c3fb6c3375bf24704ee527e?s=96&d=mm&r=g\",\"contentUrl\":\"https:\\\/\\\/secure.gravatar.com\\\/avatar\\\/925549d84997d3095f3990ac4868d1aec439b1a53c3fb6c3375bf24704ee527e?s=96&d=mm&r=g\",\"caption\":\"Jes\u00fas G\u00f3mez\"},\"url\":\"https:\\\/\\\/coqhcyt.qroo.gob.mx\\\/index.php\\\/author\\\/jesus\\\/\"}]}<\/script>\n<!-- \/ Yoast SEO plugin. -->","yoast_head_json":{"title":"Convocatoria DELFIN 2025 - Consejo Quintanarroense de Humanidades, Ciencias y Tecnolog\u00edas","robots":{"index":"index","follow":"follow","max-snippet":"max-snippet:-1","max-image-preview":"max-image-preview:large","max-video-preview":"max-video-preview:-1"},"canonical":"https:\/\/coqhcyt.qroo.gob.mx\/index.php\/convocatoria-delfin-2025\/","og_locale":"es_MX","og_type":"article","og_title":"Convocatoria DELFIN 2025 - Consejo Quintanarroense de Humanidades, Ciencias y Tecnolog\u00edas","og_description":"El Consejo Quintanarroense de Humanidades, Ciencias y Tecnolog\u00edas convoca a estudiantes de licenciatura y posgrado de todas las \u00e1reas del conocimiento de las Instituciones de Educaci\u00f3n Superior del estado de Quintana Roo, a participar en el 30 verano de Investigaci\u00f3n Cient\u00edfica y Tecnol\u00f3gica del Pac\u00edfico 2025.&nbsp; Con el objetivo de fomentar la formaci\u00f3n de capital ... Leer m\u00e1s","og_url":"https:\/\/coqhcyt.qroo.gob.mx\/index.php\/convocatoria-delfin-2025\/","og_site_name":"Consejo Quintanarroense de Humanidades, Ciencias y Tecnolog\u00edas","article_published_time":"2025-02-07T17:20:05+00:00","og_image":[{"width":2560,"height":674,"url":"https:\/\/coqhcyt.qroo.gob.mx\/wp-content\/uploads\/2025\/02\/VERANO-DELFIN-2025-051-scaled.jpg","type":"image\/jpeg"}],"author":"Jes\u00fas G\u00f3mez","twitter_card":"summary_large_image","twitter_misc":{"Escrito por":"Jes\u00fas G\u00f3mez","Tiempo de lectura":"1 minuto"},"schema":{"@context":"https:\/\/schema.org","@graph":[{"@type":"Article","@id":"https:\/\/coqhcyt.qroo.gob.mx\/index.php\/convocatoria-delfin-2025\/#article","isPartOf":{"@id":"https:\/\/coqhcyt.qroo.gob.mx\/index.php\/convocatoria-delfin-2025\/"},"author":{"name":"Jes\u00fas G\u00f3mez","@id":"https:\/\/coqhcyt.qroo.gob.mx\/#\/schema\/person\/f7ae0a6e103bf4d7d8eea0b7b3b97000"},"headline":"Convocatoria DELFIN 2025","datePublished":"2025-02-07T17:20:05+00:00","mainEntityOfPage":{"@id":"https:\/\/coqhcyt.qroo.gob.mx\/index.php\/convocatoria-delfin-2025\/"},"wordCount":157,"commentCount":0,"publisher":{"@id":"https:\/\/coqhcyt.qroo.gob.mx\/#organization"},"image":{"@id":"https:\/\/coqhcyt.qroo.gob.mx\/index.php\/convocatoria-delfin-2025\/#primaryimage"},"thumbnailUrl":"https:\/\/coqhcyt.qroo.gob.mx\/wp-content\/uploads\/2025\/02\/VERANO-DELFIN-2025-051-scaled.jpg","articleSection":["Sin Categor\u00eda"],"inLanguage":"es","potentialAction":[{"@type":"CommentAction","name":"Comment","target":["https:\/\/coqhcyt.qroo.gob.mx\/index.php\/convocatoria-delfin-2025\/#respond"]}]},{"@type":"WebPage","@id":"https:\/\/coqhcyt.qroo.gob.mx\/index.php\/convocatoria-delfin-2025\/","url":"https:\/\/coqhcyt.qroo.gob.mx\/index.php\/convocatoria-delfin-2025\/","name":"Convocatoria DELFIN 2025 - Consejo Quintanarroense de Humanidades, Ciencias y Tecnolog\u00edas","isPartOf":{"@id":"https:\/\/coqhcyt.qroo.gob.mx\/#website"},"primaryImageOfPage":{"@id":"https:\/\/coqhcyt.qroo.gob.mx\/index.php\/convocatoria-delfin-2025\/#primaryimage"},"image":{"@id":"https:\/\/coqhcyt.qroo.gob.mx\/index.php\/convocatoria-delfin-2025\/#primaryimage"},"thumbnailUrl":"https:\/\/coqhcyt.qroo.gob.mx\/wp-content\/uploads\/2025\/02\/VERANO-DELFIN-2025-051-scaled.jpg","datePublished":"2025-02-07T17:20:05+00:00","breadcrumb":{"@id":"https:\/\/coqhcyt.qroo.gob.mx\/index.php\/convocatoria-delfin-2025\/#breadcrumb"},"inLanguage":"es","potentialAction":[{"@type":"ReadAction","target":["https:\/\/coqhcyt.qroo.gob.mx\/index.php\/convocatoria-delfin-2025\/"]}]},{"@type":"ImageObject","inLanguage":"es","@id":"https:\/\/coqhcyt.qroo.gob.mx\/index.php\/convocatoria-delfin-2025\/#primaryimage","url":"https:\/\/coqhcyt.qroo.gob.mx\/wp-content\/uploads\/2025\/02\/VERANO-DELFIN-2025-051-scaled.jpg","contentUrl":"https:\/\/coqhcyt.qroo.gob.mx\/wp-content\/uploads\/2025\/02\/VERANO-DELFIN-2025-051-scaled.jpg","width":2560,"height":674},{"@type":"BreadcrumbList","@id":"https:\/\/coqhcyt.qroo.gob.mx\/index.php\/convocatoria-delfin-2025\/#breadcrumb","itemListElement":[{"@type":"ListItem","position":1,"name":"Inicio","item":"https:\/\/coqhcyt.qroo.gob.mx\/"},{"@type":"ListItem","position":2,"name":"Convocatoria DELFIN 2025"}]},{"@type":"WebSite","@id":"https:\/\/coqhcyt.qroo.gob.mx\/#website","url":"https:\/\/coqhcyt.qroo.gob.mx\/","name":"Consejo Quintanarroense de Humanidades, Ciencias y Tecnolog\u00edas","description":"COQHCYT, anteriormente conocida como COQCYT Quintana Roo atendemos los estudios de las humanidades, ciencia y tecnolog\u00eda del estado de Quintana Roo","publisher":{"@id":"https:\/\/coqhcyt.qroo.gob.mx\/#organization"},"potentialAction":[{"@type":"SearchAction","target":{"@type":"EntryPoint","urlTemplate":"https:\/\/coqhcyt.qroo.gob.mx\/?s={search_term_string}"},"query-input":{"@type":"PropertyValueSpecification","valueRequired":true,"valueName":"search_term_string"}}],"inLanguage":"es"},{"@type":"Organization","@id":"https:\/\/coqhcyt.qroo.gob.mx\/#organization","name":"Consejo Quintanarroense de Humanidades, Ciencias y Tecnolog\u00edas","url":"https:\/\/coqhcyt.qroo.gob.mx\/","logo":{"@type":"ImageObject","inLanguage":"es","@id":"https:\/\/coqhcyt.qroo.gob.mx\/#\/schema\/logo\/image\/","url":"https:\/\/coqhcyt.qroo.gob.mx\/wp-content\/uploads\/2024\/08\/cropped-LOGO-COQHCYT-e1724120083330.png","contentUrl":"https:\/\/coqhcyt.qroo.gob.mx\/wp-content\/uploads\/2024\/08\/cropped-LOGO-COQHCYT-e1724120083330.png","width":6127,"height":1863,"caption":"Consejo Quintanarroense de Humanidades, Ciencias y Tecnolog\u00edas"},"image":{"@id":"https:\/\/coqhcyt.qroo.gob.mx\/#\/schema\/logo\/image\/"}},{"@type":"Person","@id":"https:\/\/coqhcyt.qroo.gob.mx\/#\/schema\/person\/f7ae0a6e103bf4d7d8eea0b7b3b97000","name":"Jes\u00fas G\u00f3mez","image":{"@type":"ImageObject","inLanguage":"es","@id":"https:\/\/secure.gravatar.com\/avatar\/925549d84997d3095f3990ac4868d1aec439b1a53c3fb6c3375bf24704ee527e?s=96&d=mm&r=g","url":"https:\/\/secure.gravatar.com\/avatar\/925549d84997d3095f3990ac4868d1aec439b1a53c3fb6c3375bf24704ee527e?s=96&d=mm&r=g","contentUrl":"https:\/\/secure.gravatar.com\/avatar\/925549d84997d3095f3990ac4868d1aec439b1a53c3fb6c3375bf24704ee527e?s=96&d=mm&r=g","caption":"Jes\u00fas G\u00f3mez"},"url":"https:\/\/coqhcyt.qroo.gob.mx\/index.php\/author\/jesus\/"}]}},"_links":{"self":[{"href":"https:\/\/coqhcyt.qroo.gob.mx\/index.php\/wp-json\/wp\/v2\/posts\/36614","targetHints":{"allow":["GET"]}}],"collection":[{"href":"https:\/\/coqhcyt.qroo.gob.mx\/index.php\/wp-json\/wp\/v2\/posts"}],"about":[{"href":"https:\/\/coqhcyt.qroo.gob.mx\/index.php\/wp-json\/wp\/v2\/types\/post"}],"author":[{"embeddable":true,"href":"https:\/\/coqhcyt.qroo.gob.mx\/index.php\/wp-json\/wp\/v2\/users\/4"}],"replies":[{"embeddable":true,"href":"https:\/\/coqhcyt.qroo.gob.mx\/index.php\/wp-json\/wp\/v2\/comments?post=36614"}],"version-history":[{"count":1,"href":"https:\/\/coqhcyt.qroo.gob.mx\/index.php\/wp-json\/wp\/v2\/posts\/36614\/revisions"}],"predecessor-version":[{"id":36616,"href":"https:\/\/coqhcyt.qroo.gob.mx\/index.php\/wp-json\/wp\/v2\/posts\/36614\/revisions\/36616"}],"wp:featuredmedia":[{"embeddable":true,"href":"https:\/\/coqhcyt.qroo.gob.mx\/index.php\/wp-json\/wp\/v2\/media\/36615"}],"wp:attachment":[{"href":"https:\/\/coqhcyt.qroo.gob.mx\/index.php\/wp-json\/wp\/v2\/media?parent=36614"}],"wp:term":[{"taxonomy":"category","embeddable":true,"href":"https:\/\/coqhcyt.qroo.gob.mx\/index.php\/wp-json\/wp\/v2\/categories?post=36614"},{"taxonomy":"post_tag","embeddable":true,"href":"https:\/\/coqhcyt.qroo.gob.mx\/index.php\/wp-json\/wp\/v2\/tags?post=36614"}],"curies":[{"name":"wp","href":"https:\/\/api.w.org\/{rel}","templated":true}]}}