{"id":36631,"date":"2025-02-11T17:09:59","date_gmt":"2025-02-11T22:09:59","guid":{"rendered":"https:\/\/coqhcyt.qroo.gob.mx\/?p=36631"},"modified":"2025-02-21T15:51:07","modified_gmt":"2025-02-21T20:51:07","slug":"convocatoria-seii-2025","status":"publish","type":"post","link":"https:\/\/coqhcyt.qroo.gob.mx\/index.php\/convocatoria-seii-2025\/","title":{"rendered":"Convocatoria SEII 2025"},"content":{"rendered":"\n<p>El Consejo Quintanarroense de Humanidades, Ciencias y Tecnolog\u00edas convoca&nbsp;a la comunidad cient\u00edfica, human\u00edstica y tecnol\u00f3gica de las instituciones acad\u00e9micas de educaci\u00f3n superior, centros de investigaci\u00f3n, dependencias y entidades del Sector P\u00fablico del Estado de Quintana Roo a postular su ingreso al SEII, para incorporarse al Sistema Estatal de Investigadoras e Investigadores 2025.<\/p>\n\n\n\n<p>\u00b7&nbsp;&nbsp;&nbsp;&nbsp;&nbsp;&nbsp;&nbsp;&nbsp; El registro y la recepci\u00f3n de expedientes se realizar\u00e1 a partir del <strong>11 de febrero de 2025 hasta el 07 de marzo de 2025,<\/strong> con hora de cierre a las <strong>16:00 horas.<\/strong><\/p>\n\n\n\n<p>\u00b7&nbsp;&nbsp;&nbsp;&nbsp;&nbsp;&nbsp;&nbsp;&nbsp; Publicaci\u00f3n de resultados el <strong>08 de abril<\/strong> en el portal web del Consejo Quintanarroense de Humanidades, Ciencias y Tecnolog\u00edas (<a href=\"https:\/\/coqhcyt.qroo.gob.mx\/\">https:\/\/coqhcyt.qroo.gob.mx\/<\/a>),<\/p>\n\n\n\n<p>\u00b7&nbsp;&nbsp;&nbsp;&nbsp;&nbsp;&nbsp;&nbsp;&nbsp; Para dudas y aclaraciones, por favor, contactar a: Direcci\u00f3n de Investigaci\u00f3n Human\u00edstica, Cient\u00edfica Tecnol\u00f3gica y de Innovaci\u00f3n del COQHCYT.<\/p>\n\n\n\n<p><strong>Mtra. Mar\u00eda Isabel Tapia Chimal. <\/strong>Departamento de Apoyo a la Actividad Cient\u00edfica.<strong> Email:<\/strong> <a href=\"mailto:actividadcientifica.posgrado@gmail.com\">actividadcientifica.posgrado@gmail.com<\/a><\/p>\n\n\n\n<p><strong>Mtro. Haizar Emir Sauri Manzanilla. <\/strong>Departamento de Sistema Estatal de Informaci\u00f3n en Humanidades, Ciencias, Tecnolog\u00edas e Innovaci\u00f3n.&nbsp;<strong>Email:<\/strong> <a href=\"mailto:coqcytseidcyt@gmail.com\">coqcytseidcyt@gmail.com<\/a>&nbsp;<\/p>\n\n\n\n<p><\/p>\n\n\n\n<p class=\"has-small-font-size\">Encuentra la convocatoria en:&nbsp;&nbsp;<a rel=\"noreferrer noopener\" target=\"_blank\" href=\"https:\/\/na01.safelinks.protection.outlook.com\/?url=https%3A%2F%2Fdrive.google.com%2Ffile%2Fd%2F1MHPO_yZAPnGvLmHYvdeK7Bf8Zsi2ukt-%2Fview%3Fusp%3Ddrive_link&amp;data=05%7C02%7C%7Cb6fc811e86534d677d1e08dd4adf84a5%7C84df9e7fe9f640afb435aaaaaaaaaaaa%7C1%7C0%7C638749046036652751%7CUnknown%7CTWFpbGZsb3d8eyJFbXB0eU1hcGkiOnRydWUsIlYiOiIwLjAuMDAwMCIsIlAiOiJXaW4zMiIsIkFOIjoiTWFpbCIsIldUIjoyfQ%3D%3D%7C0%7C%7C%7C&amp;sdata=URqdONnlhT2my%2FwlHNYjhxBkz%2FxZ7gHOXuUDkgfT3%2FU%3D&amp;reserved=0\">https:\/\/drive.google.com\/file\/d\/1MHPO_yZAPnGvLmHYvdeK7Bf8Zsi2ukt-\/view?usp=drive_link<\/a><\/p>\n\n\n\n<p>Encuentra el&nbsp;Manual para calificar e incentivar la Investigaci\u00f3n human\u00edstica, Cient\u00edfica, Tecnol\u00f3gica e Innovaci\u00f3n.en :&nbsp;<a rel=\"noreferrer noopener\" target=\"_blank\" href=\"https:\/\/na01.safelinks.protection.outlook.com\/?url=https%3A%2F%2Fdrive.google.com%2Ffile%2Fd%2F1QQBuf3QrvZB-gv2OkR9YksLYSsUgkvT8%2Fview%3Fusp%3Ddrive_link&amp;data=05%7C02%7C%7Cb6fc811e86534d677d1e08dd4adf84a5%7C84df9e7fe9f640afb435aaaaaaaaaaaa%7C1%7C0%7C638749046036679969%7CUnknown%7CTWFpbGZsb3d8eyJFbXB0eU1hcGkiOnRydWUsIlYiOiIwLjAuMDAwMCIsIlAiOiJXaW4zMiIsIkFOIjoiTWFpbCIsIldUIjoyfQ%3D%3D%7C0%7C%7C%7C&amp;sdata=ItuqZGpuxUnOuuLiQnOzJUwz03pwrrdc5Bt7gAq1qVM%3D&amp;reserved=0\">https:\/\/drive.google.com\/file\/d\/1QQBuf3QrvZB-gv2OkR9YksLYSsUgkvT8\/view?usp=drive_link<\/a><\/p>\n\n\n\n<p>Gu\u00eda Constancia Registro Estatal de Investigadoras e Investigadores<br><a href=\"https:\/\/drive.google.com\/file\/d\/1syvitUCO39wNVg8FaXWV5D8nd9DYPwpl\/view\">https:\/\/drive.google.com\/file\/d\/1syvitUCO39wNVg8FaXWV5D8nd9DYPwpl\/view<\/a><\/p>\n\n\n\n<p>Gu\u00eda Expediente Digital para participar en la Convocatoria Sistema Estatal de Investigadoras e Investigadores<br><a href=\"https:\/\/drive.google.com\/file\/d\/1PjGKc_9NCeIWukWtbOdEXjt_IZhq4NkT\/view\">https:\/\/drive.google.com\/file\/d\/1PjGKc_9NCeIWukWtbOdEXjt_IZhq4NkT\/view<\/a><\/p>\n\n\n\n<p>Gui\u0301a de Participacio\u0301n de convocatoria Sistema Estatal de Investigadoras e Investigadores, Nivel Honori\u0301fico <a href=\"https:\/\/drive.google.com\/file\/d\/1p-T8M73E09KulkKQnbLqX-ipTC_-dpYv\/view?usp=sharing\">https:\/\/drive.google.com\/file\/d\/1p-T8M73E09KulkKQnbLqX-ipTC_-dpYv\/view?usp=sharing<\/a><\/p>\n\n\n\n<p><\/p>\n\n\n\n<p><\/p>\n","protected":false},"excerpt":{"rendered":"<p>El Consejo Quintanarroense de Humanidades, Ciencias y Tecnolog\u00edas convoca&nbsp;a la comunidad cient\u00edfica, human\u00edstica y tecnol\u00f3gica de las instituciones acad\u00e9micas de educaci\u00f3n superior, centros de investigaci\u00f3n, dependencias y entidades del Sector P\u00fablico del Estado de Quintana Roo a postular su ingreso al SEII, para incorporarse al Sistema Estatal de Investigadoras e Investigadores 2025. \u00b7&nbsp;&nbsp;&nbsp;&nbsp;&nbsp;&nbsp;&nbsp;&nbsp; El registro &#8230; <a title=\"Convocatoria SEII 2025\" class=\"read-more\" href=\"https:\/\/coqhcyt.qroo.gob.mx\/index.php\/convocatoria-seii-2025\/\" aria-label=\"Leer m\u00e1s sobre Convocatoria SEII 2025\">Leer m\u00e1s<\/a><\/p>\n","protected":false},"author":4,"featured_media":36635,"comment_status":"open","ping_status":"open","sticky":false,"template":"","format":"standard","meta":{"_eb_attr":"","footnotes":""},"categories":[1],"tags":[],"class_list":["post-36631","post","type-post","status-publish","format-standard","has-post-thumbnail","hentry","category-sin-categoria"],"yoast_head":"<!-- This site is optimized with the Yoast SEO plugin v27.5 - https:\/\/yoast.com\/product\/yoast-seo-wordpress\/ -->\n<title>Convocatoria SEII 2025 - Consejo Quintanarroense de Humanidades, Ciencias y Tecnolog\u00edas<\/title>\n<meta name=\"robots\" content=\"index, follow, max-snippet:-1, max-image-preview:large, max-video-preview:-1\" \/>\n<link rel=\"canonical\" href=\"https:\/\/coqhcyt.qroo.gob.mx\/index.php\/convocatoria-seii-2025\/\" \/>\n<meta property=\"og:locale\" content=\"es_MX\" \/>\n<meta property=\"og:type\" content=\"article\" \/>\n<meta property=\"og:title\" content=\"Convocatoria SEII 2025 - Consejo Quintanarroense de Humanidades, Ciencias y Tecnolog\u00edas\" \/>\n<meta property=\"og:description\" content=\"El Consejo Quintanarroense de Humanidades, Ciencias y Tecnolog\u00edas convoca&nbsp;a la comunidad cient\u00edfica, human\u00edstica y tecnol\u00f3gica de las instituciones acad\u00e9micas de educaci\u00f3n superior, centros de investigaci\u00f3n, dependencias y entidades del Sector P\u00fablico del Estado de Quintana Roo a postular su ingreso al SEII, para incorporarse al Sistema Estatal de Investigadoras e Investigadores 2025. \u00b7&nbsp;&nbsp;&nbsp;&nbsp;&nbsp;&nbsp;&nbsp;&nbsp; El registro ... Leer m\u00e1s\" \/>\n<meta property=\"og:url\" content=\"https:\/\/coqhcyt.qroo.gob.mx\/index.php\/convocatoria-seii-2025\/\" \/>\n<meta property=\"og:site_name\" content=\"Consejo Quintanarroense de Humanidades, Ciencias y Tecnolog\u00edas\" \/>\n<meta property=\"article:published_time\" content=\"2025-02-11T22:09:59+00:00\" \/>\n<meta property=\"article:modified_time\" content=\"2025-02-21T20:51:07+00:00\" \/>\n<meta property=\"og:image\" content=\"https:\/\/coqhcyt.qroo.gob.mx\/wp-content\/uploads\/2025\/02\/SEII-2025-VISUALES_LANZAMIENTO-05-scaled.jpg\" \/>\n\t<meta property=\"og:image:width\" content=\"2560\" \/>\n\t<meta property=\"og:image:height\" content=\"674\" \/>\n\t<meta property=\"og:image:type\" content=\"image\/jpeg\" \/>\n<meta name=\"author\" content=\"Jes\u00fas G\u00f3mez\" \/>\n<meta name=\"twitter:card\" content=\"summary_large_image\" \/>\n<meta name=\"twitter:label1\" content=\"Escrito por\" \/>\n\t<meta name=\"twitter:data1\" content=\"Jes\u00fas G\u00f3mez\" \/>\n\t<meta name=\"twitter:label2\" content=\"Tiempo de lectura\" \/>\n\t<meta name=\"twitter:data2\" content=\"2 minutos\" \/>\n<script type=\"application\/ld+json\" class=\"yoast-schema-graph\">{\"@context\":\"https:\\\/\\\/schema.org\",\"@graph\":[{\"@type\":\"Article\",\"@id\":\"https:\\\/\\\/coqhcyt.qroo.gob.mx\\\/index.php\\\/convocatoria-seii-2025\\\/#article\",\"isPartOf\":{\"@id\":\"https:\\\/\\\/coqhcyt.qroo.gob.mx\\\/index.php\\\/convocatoria-seii-2025\\\/\"},\"author\":{\"name\":\"Jes\u00fas G\u00f3mez\",\"@id\":\"https:\\\/\\\/coqhcyt.qroo.gob.mx\\\/#\\\/schema\\\/person\\\/f7ae0a6e103bf4d7d8eea0b7b3b97000\"},\"headline\":\"Convocatoria SEII 2025\",\"datePublished\":\"2025-02-11T22:09:59+00:00\",\"dateModified\":\"2025-02-21T20:51:07+00:00\",\"mainEntityOfPage\":{\"@id\":\"https:\\\/\\\/coqhcyt.qroo.gob.mx\\\/index.php\\\/convocatoria-seii-2025\\\/\"},\"wordCount\":345,\"commentCount\":0,\"publisher\":{\"@id\":\"https:\\\/\\\/coqhcyt.qroo.gob.mx\\\/#organization\"},\"image\":{\"@id\":\"https:\\\/\\\/coqhcyt.qroo.gob.mx\\\/index.php\\\/convocatoria-seii-2025\\\/#primaryimage\"},\"thumbnailUrl\":\"https:\\\/\\\/coqhcyt.qroo.gob.mx\\\/wp-content\\\/uploads\\\/2025\\\/02\\\/SEII-2025-VISUALES_LANZAMIENTO-05-scaled.jpg\",\"articleSection\":[\"Sin Categor\u00eda\"],\"inLanguage\":\"es\",\"potentialAction\":[{\"@type\":\"CommentAction\",\"name\":\"Comment\",\"target\":[\"https:\\\/\\\/coqhcyt.qroo.gob.mx\\\/index.php\\\/convocatoria-seii-2025\\\/#respond\"]}]},{\"@type\":\"WebPage\",\"@id\":\"https:\\\/\\\/coqhcyt.qroo.gob.mx\\\/index.php\\\/convocatoria-seii-2025\\\/\",\"url\":\"https:\\\/\\\/coqhcyt.qroo.gob.mx\\\/index.php\\\/convocatoria-seii-2025\\\/\",\"name\":\"Convocatoria SEII 2025 - Consejo Quintanarroense de Humanidades, Ciencias y Tecnolog\u00edas\",\"isPartOf\":{\"@id\":\"https:\\\/\\\/coqhcyt.qroo.gob.mx\\\/#website\"},\"primaryImageOfPage\":{\"@id\":\"https:\\\/\\\/coqhcyt.qroo.gob.mx\\\/index.php\\\/convocatoria-seii-2025\\\/#primaryimage\"},\"image\":{\"@id\":\"https:\\\/\\\/coqhcyt.qroo.gob.mx\\\/index.php\\\/convocatoria-seii-2025\\\/#primaryimage\"},\"thumbnailUrl\":\"https:\\\/\\\/coqhcyt.qroo.gob.mx\\\/wp-content\\\/uploads\\\/2025\\\/02\\\/SEII-2025-VISUALES_LANZAMIENTO-05-scaled.jpg\",\"datePublished\":\"2025-02-11T22:09:59+00:00\",\"dateModified\":\"2025-02-21T20:51:07+00:00\",\"breadcrumb\":{\"@id\":\"https:\\\/\\\/coqhcyt.qroo.gob.mx\\\/index.php\\\/convocatoria-seii-2025\\\/#breadcrumb\"},\"inLanguage\":\"es\",\"potentialAction\":[{\"@type\":\"ReadAction\",\"target\":[\"https:\\\/\\\/coqhcyt.qroo.gob.mx\\\/index.php\\\/convocatoria-seii-2025\\\/\"]}]},{\"@type\":\"ImageObject\",\"inLanguage\":\"es\",\"@id\":\"https:\\\/\\\/coqhcyt.qroo.gob.mx\\\/index.php\\\/convocatoria-seii-2025\\\/#primaryimage\",\"url\":\"https:\\\/\\\/coqhcyt.qroo.gob.mx\\\/wp-content\\\/uploads\\\/2025\\\/02\\\/SEII-2025-VISUALES_LANZAMIENTO-05-scaled.jpg\",\"contentUrl\":\"https:\\\/\\\/coqhcyt.qroo.gob.mx\\\/wp-content\\\/uploads\\\/2025\\\/02\\\/SEII-2025-VISUALES_LANZAMIENTO-05-scaled.jpg\",\"width\":2560,\"height\":674},{\"@type\":\"BreadcrumbList\",\"@id\":\"https:\\\/\\\/coqhcyt.qroo.gob.mx\\\/index.php\\\/convocatoria-seii-2025\\\/#breadcrumb\",\"itemListElement\":[{\"@type\":\"ListItem\",\"position\":1,\"name\":\"Inicio\",\"item\":\"https:\\\/\\\/coqhcyt.qroo.gob.mx\\\/\"},{\"@type\":\"ListItem\",\"position\":2,\"name\":\"Convocatoria SEII 2025\"}]},{\"@type\":\"WebSite\",\"@id\":\"https:\\\/\\\/coqhcyt.qroo.gob.mx\\\/#website\",\"url\":\"https:\\\/\\\/coqhcyt.qroo.gob.mx\\\/\",\"name\":\"Consejo Quintanarroense de Humanidades, Ciencias y Tecnolog\u00edas\",\"description\":\"COQHCYT, anteriormente conocida como COQCYT Quintana Roo atendemos los estudios de las humanidades, ciencia y tecnolog\u00eda del estado de Quintana Roo\",\"publisher\":{\"@id\":\"https:\\\/\\\/coqhcyt.qroo.gob.mx\\\/#organization\"},\"potentialAction\":[{\"@type\":\"SearchAction\",\"target\":{\"@type\":\"EntryPoint\",\"urlTemplate\":\"https:\\\/\\\/coqhcyt.qroo.gob.mx\\\/?s={search_term_string}\"},\"query-input\":{\"@type\":\"PropertyValueSpecification\",\"valueRequired\":true,\"valueName\":\"search_term_string\"}}],\"inLanguage\":\"es\"},{\"@type\":\"Organization\",\"@id\":\"https:\\\/\\\/coqhcyt.qroo.gob.mx\\\/#organization\",\"name\":\"Consejo Quintanarroense de Humanidades, Ciencias y Tecnolog\u00edas\",\"url\":\"https:\\\/\\\/coqhcyt.qroo.gob.mx\\\/\",\"logo\":{\"@type\":\"ImageObject\",\"inLanguage\":\"es\",\"@id\":\"https:\\\/\\\/coqhcyt.qroo.gob.mx\\\/#\\\/schema\\\/logo\\\/image\\\/\",\"url\":\"https:\\\/\\\/coqhcyt.qroo.gob.mx\\\/wp-content\\\/uploads\\\/2024\\\/08\\\/cropped-LOGO-COQHCYT-e1724120083330.png\",\"contentUrl\":\"https:\\\/\\\/coqhcyt.qroo.gob.mx\\\/wp-content\\\/uploads\\\/2024\\\/08\\\/cropped-LOGO-COQHCYT-e1724120083330.png\",\"width\":6127,\"height\":1863,\"caption\":\"Consejo Quintanarroense de Humanidades, Ciencias y Tecnolog\u00edas\"},\"image\":{\"@id\":\"https:\\\/\\\/coqhcyt.qroo.gob.mx\\\/#\\\/schema\\\/logo\\\/image\\\/\"}},{\"@type\":\"Person\",\"@id\":\"https:\\\/\\\/coqhcyt.qroo.gob.mx\\\/#\\\/schema\\\/person\\\/f7ae0a6e103bf4d7d8eea0b7b3b97000\",\"name\":\"Jes\u00fas G\u00f3mez\",\"image\":{\"@type\":\"ImageObject\",\"inLanguage\":\"es\",\"@id\":\"https:\\\/\\\/secure.gravatar.com\\\/avatar\\\/925549d84997d3095f3990ac4868d1aec439b1a53c3fb6c3375bf24704ee527e?s=96&d=mm&r=g\",\"url\":\"https:\\\/\\\/secure.gravatar.com\\\/avatar\\\/925549d84997d3095f3990ac4868d1aec439b1a53c3fb6c3375bf24704ee527e?s=96&d=mm&r=g\",\"contentUrl\":\"https:\\\/\\\/secure.gravatar.com\\\/avatar\\\/925549d84997d3095f3990ac4868d1aec439b1a53c3fb6c3375bf24704ee527e?s=96&d=mm&r=g\",\"caption\":\"Jes\u00fas G\u00f3mez\"},\"url\":\"https:\\\/\\\/coqhcyt.qroo.gob.mx\\\/index.php\\\/author\\\/jesus\\\/\"}]}<\/script>\n<!-- \/ Yoast SEO plugin. -->","yoast_head_json":{"title":"Convocatoria SEII 2025 - Consejo Quintanarroense de Humanidades, Ciencias y Tecnolog\u00edas","robots":{"index":"index","follow":"follow","max-snippet":"max-snippet:-1","max-image-preview":"max-image-preview:large","max-video-preview":"max-video-preview:-1"},"canonical":"https:\/\/coqhcyt.qroo.gob.mx\/index.php\/convocatoria-seii-2025\/","og_locale":"es_MX","og_type":"article","og_title":"Convocatoria SEII 2025 - Consejo Quintanarroense de Humanidades, Ciencias y Tecnolog\u00edas","og_description":"El Consejo Quintanarroense de Humanidades, Ciencias y Tecnolog\u00edas convoca&nbsp;a la comunidad cient\u00edfica, human\u00edstica y tecnol\u00f3gica de las instituciones acad\u00e9micas de educaci\u00f3n superior, centros de investigaci\u00f3n, dependencias y entidades del Sector P\u00fablico del Estado de Quintana Roo a postular su ingreso al SEII, para incorporarse al Sistema Estatal de Investigadoras e Investigadores 2025. \u00b7&nbsp;&nbsp;&nbsp;&nbsp;&nbsp;&nbsp;&nbsp;&nbsp; El registro ... Leer m\u00e1s","og_url":"https:\/\/coqhcyt.qroo.gob.mx\/index.php\/convocatoria-seii-2025\/","og_site_name":"Consejo Quintanarroense de Humanidades, Ciencias y Tecnolog\u00edas","article_published_time":"2025-02-11T22:09:59+00:00","article_modified_time":"2025-02-21T20:51:07+00:00","og_image":[{"width":2560,"height":674,"url":"https:\/\/coqhcyt.qroo.gob.mx\/wp-content\/uploads\/2025\/02\/SEII-2025-VISUALES_LANZAMIENTO-05-scaled.jpg","type":"image\/jpeg"}],"author":"Jes\u00fas G\u00f3mez","twitter_card":"summary_large_image","twitter_misc":{"Escrito por":"Jes\u00fas G\u00f3mez","Tiempo de lectura":"2 minutos"},"schema":{"@context":"https:\/\/schema.org","@graph":[{"@type":"Article","@id":"https:\/\/coqhcyt.qroo.gob.mx\/index.php\/convocatoria-seii-2025\/#article","isPartOf":{"@id":"https:\/\/coqhcyt.qroo.gob.mx\/index.php\/convocatoria-seii-2025\/"},"author":{"name":"Jes\u00fas G\u00f3mez","@id":"https:\/\/coqhcyt.qroo.gob.mx\/#\/schema\/person\/f7ae0a6e103bf4d7d8eea0b7b3b97000"},"headline":"Convocatoria SEII 2025","datePublished":"2025-02-11T22:09:59+00:00","dateModified":"2025-02-21T20:51:07+00:00","mainEntityOfPage":{"@id":"https:\/\/coqhcyt.qroo.gob.mx\/index.php\/convocatoria-seii-2025\/"},"wordCount":345,"commentCount":0,"publisher":{"@id":"https:\/\/coqhcyt.qroo.gob.mx\/#organization"},"image":{"@id":"https:\/\/coqhcyt.qroo.gob.mx\/index.php\/convocatoria-seii-2025\/#primaryimage"},"thumbnailUrl":"https:\/\/coqhcyt.qroo.gob.mx\/wp-content\/uploads\/2025\/02\/SEII-2025-VISUALES_LANZAMIENTO-05-scaled.jpg","articleSection":["Sin Categor\u00eda"],"inLanguage":"es","potentialAction":[{"@type":"CommentAction","name":"Comment","target":["https:\/\/coqhcyt.qroo.gob.mx\/index.php\/convocatoria-seii-2025\/#respond"]}]},{"@type":"WebPage","@id":"https:\/\/coqhcyt.qroo.gob.mx\/index.php\/convocatoria-seii-2025\/","url":"https:\/\/coqhcyt.qroo.gob.mx\/index.php\/convocatoria-seii-2025\/","name":"Convocatoria SEII 2025 - Consejo Quintanarroense de Humanidades, Ciencias y Tecnolog\u00edas","isPartOf":{"@id":"https:\/\/coqhcyt.qroo.gob.mx\/#website"},"primaryImageOfPage":{"@id":"https:\/\/coqhcyt.qroo.gob.mx\/index.php\/convocatoria-seii-2025\/#primaryimage"},"image":{"@id":"https:\/\/coqhcyt.qroo.gob.mx\/index.php\/convocatoria-seii-2025\/#primaryimage"},"thumbnailUrl":"https:\/\/coqhcyt.qroo.gob.mx\/wp-content\/uploads\/2025\/02\/SEII-2025-VISUALES_LANZAMIENTO-05-scaled.jpg","datePublished":"2025-02-11T22:09:59+00:00","dateModified":"2025-02-21T20:51:07+00:00","breadcrumb":{"@id":"https:\/\/coqhcyt.qroo.gob.mx\/index.php\/convocatoria-seii-2025\/#breadcrumb"},"inLanguage":"es","potentialAction":[{"@type":"ReadAction","target":["https:\/\/coqhcyt.qroo.gob.mx\/index.php\/convocatoria-seii-2025\/"]}]},{"@type":"ImageObject","inLanguage":"es","@id":"https:\/\/coqhcyt.qroo.gob.mx\/index.php\/convocatoria-seii-2025\/#primaryimage","url":"https:\/\/coqhcyt.qroo.gob.mx\/wp-content\/uploads\/2025\/02\/SEII-2025-VISUALES_LANZAMIENTO-05-scaled.jpg","contentUrl":"https:\/\/coqhcyt.qroo.gob.mx\/wp-content\/uploads\/2025\/02\/SEII-2025-VISUALES_LANZAMIENTO-05-scaled.jpg","width":2560,"height":674},{"@type":"BreadcrumbList","@id":"https:\/\/coqhcyt.qroo.gob.mx\/index.php\/convocatoria-seii-2025\/#breadcrumb","itemListElement":[{"@type":"ListItem","position":1,"name":"Inicio","item":"https:\/\/coqhcyt.qroo.gob.mx\/"},{"@type":"ListItem","position":2,"name":"Convocatoria SEII 2025"}]},{"@type":"WebSite","@id":"https:\/\/coqhcyt.qroo.gob.mx\/#website","url":"https:\/\/coqhcyt.qroo.gob.mx\/","name":"Consejo Quintanarroense de Humanidades, Ciencias y Tecnolog\u00edas","description":"COQHCYT, anteriormente conocida como COQCYT Quintana Roo atendemos los estudios de las humanidades, ciencia y tecnolog\u00eda del estado de Quintana Roo","publisher":{"@id":"https:\/\/coqhcyt.qroo.gob.mx\/#organization"},"potentialAction":[{"@type":"SearchAction","target":{"@type":"EntryPoint","urlTemplate":"https:\/\/coqhcyt.qroo.gob.mx\/?s={search_term_string}"},"query-input":{"@type":"PropertyValueSpecification","valueRequired":true,"valueName":"search_term_string"}}],"inLanguage":"es"},{"@type":"Organization","@id":"https:\/\/coqhcyt.qroo.gob.mx\/#organization","name":"Consejo Quintanarroense de Humanidades, Ciencias y Tecnolog\u00edas","url":"https:\/\/coqhcyt.qroo.gob.mx\/","logo":{"@type":"ImageObject","inLanguage":"es","@id":"https:\/\/coqhcyt.qroo.gob.mx\/#\/schema\/logo\/image\/","url":"https:\/\/coqhcyt.qroo.gob.mx\/wp-content\/uploads\/2024\/08\/cropped-LOGO-COQHCYT-e1724120083330.png","contentUrl":"https:\/\/coqhcyt.qroo.gob.mx\/wp-content\/uploads\/2024\/08\/cropped-LOGO-COQHCYT-e1724120083330.png","width":6127,"height":1863,"caption":"Consejo Quintanarroense de Humanidades, Ciencias y Tecnolog\u00edas"},"image":{"@id":"https:\/\/coqhcyt.qroo.gob.mx\/#\/schema\/logo\/image\/"}},{"@type":"Person","@id":"https:\/\/coqhcyt.qroo.gob.mx\/#\/schema\/person\/f7ae0a6e103bf4d7d8eea0b7b3b97000","name":"Jes\u00fas G\u00f3mez","image":{"@type":"ImageObject","inLanguage":"es","@id":"https:\/\/secure.gravatar.com\/avatar\/925549d84997d3095f3990ac4868d1aec439b1a53c3fb6c3375bf24704ee527e?s=96&d=mm&r=g","url":"https:\/\/secure.gravatar.com\/avatar\/925549d84997d3095f3990ac4868d1aec439b1a53c3fb6c3375bf24704ee527e?s=96&d=mm&r=g","contentUrl":"https:\/\/secure.gravatar.com\/avatar\/925549d84997d3095f3990ac4868d1aec439b1a53c3fb6c3375bf24704ee527e?s=96&d=mm&r=g","caption":"Jes\u00fas G\u00f3mez"},"url":"https:\/\/coqhcyt.qroo.gob.mx\/index.php\/author\/jesus\/"}]}},"_links":{"self":[{"href":"https:\/\/coqhcyt.qroo.gob.mx\/index.php\/wp-json\/wp\/v2\/posts\/36631","targetHints":{"allow":["GET"]}}],"collection":[{"href":"https:\/\/coqhcyt.qroo.gob.mx\/index.php\/wp-json\/wp\/v2\/posts"}],"about":[{"href":"https:\/\/coqhcyt.qroo.gob.mx\/index.php\/wp-json\/wp\/v2\/types\/post"}],"author":[{"embeddable":true,"href":"https:\/\/coqhcyt.qroo.gob.mx\/index.php\/wp-json\/wp\/v2\/users\/4"}],"replies":[{"embeddable":true,"href":"https:\/\/coqhcyt.qroo.gob.mx\/index.php\/wp-json\/wp\/v2\/comments?post=36631"}],"version-history":[{"count":5,"href":"https:\/\/coqhcyt.qroo.gob.mx\/index.php\/wp-json\/wp\/v2\/posts\/36631\/revisions"}],"predecessor-version":[{"id":36750,"href":"https:\/\/coqhcyt.qroo.gob.mx\/index.php\/wp-json\/wp\/v2\/posts\/36631\/revisions\/36750"}],"wp:featuredmedia":[{"embeddable":true,"href":"https:\/\/coqhcyt.qroo.gob.mx\/index.php\/wp-json\/wp\/v2\/media\/36635"}],"wp:attachment":[{"href":"https:\/\/coqhcyt.qroo.gob.mx\/index.php\/wp-json\/wp\/v2\/media?parent=36631"}],"wp:term":[{"taxonomy":"category","embeddable":true,"href":"https:\/\/coqhcyt.qroo.gob.mx\/index.php\/wp-json\/wp\/v2\/categories?post=36631"},{"taxonomy":"post_tag","embeddable":true,"href":"https:\/\/coqhcyt.qroo.gob.mx\/index.php\/wp-json\/wp\/v2\/tags?post=36631"}],"curies":[{"name":"wp","href":"https:\/\/api.w.org\/{rel}","templated":true}]}}