{"id":36779,"date":"2025-03-12T18:02:06","date_gmt":"2025-03-12T23:02:06","guid":{"rendered":"https:\/\/coqhcyt.qroo.gob.mx\/?p=36779"},"modified":"2025-03-12T18:19:48","modified_gmt":"2025-03-12T23:19:48","slug":"continua-abierto-el-registro-para-participar-en-la-convocatoria-verano-delfin-2025-del-coqhcyt","status":"publish","type":"post","link":"https:\/\/coqhcyt.qroo.gob.mx\/index.php\/continua-abierto-el-registro-para-participar-en-la-convocatoria-verano-delfin-2025-del-coqhcyt\/","title":{"rendered":"Contin\u00faa abierto el registro para participar en la convocatoria \u201cVerano Delf\u00edn 2025\u201d del COQHCYT"},"content":{"rendered":"\n<p>-La fecha l\u00edmite es hasta el 14 de marzo<\/p>\n\n\n\n<p>Chetumal.- El Consejo Quintanarroense de Humanidades, Ciencias y Tecnolog\u00edas (COQHCYT), que encabeza Cristopher Malpica Morales, invita a las y los estudiantes de licenciatura y posgrado de todas las \u00e1reas del conocimiento de las instituciones de educaci\u00f3n superior del estado, para participar en la convocatoria \u201cVerano Delf\u00edn 2025\u201d que permite impulsar el desarrollo de la ciencia e investigaci\u00f3n regional.<\/p>\n\n\n\n<p>El director general del COQHCYT explic\u00f3 que el prop\u00f3sito de esta convocatoria es fomentar la formaci\u00f3n de capital intelectual de alto nivel acad\u00e9mico que en el futuro inmediato contribuyan en el desarrollo regional, nacional e internacional.<\/p>\n\n\n\n<p>Este programa enmarcado en el Nuevo Acuerdo por el Bienestar y Desarrollo de Quintana Roo que impulsa la gobernadora Mara Lezama Espinosa, destaca el compromiso de su administraci\u00f3n para que un mayor n\u00famero de j\u00f3venes se integren a las convocatorias y mediante ellas ingresen a programas de posgrado nacionales e internacionales.<\/p>\n\n\n\n<p>Las y los estudiantes seleccionados de la convocatoria \u201cVerano Delf\u00edn 2025\u201d podr\u00e1n participar en proyectos de investigaci\u00f3n de su inter\u00e9s, recibir\u00e1n asesor\u00eda por profesionales y expertos en la materia con duraci\u00f3n de siete semanas en instituciones de educaci\u00f3n superior o centros de investigaci\u00f3n del pa\u00eds y el extranjero.<\/p>\n\n\n\n<p>La convocatoria se encuentra disponible en el sitio web del COQHCYT y a trav\u00e9s del link https:\/\/coqhcyt.qroo.gob.mx. El registro y la recepci\u00f3n de expedientes estar\u00e1n abiertos hasta el 14 de marzo del 2025, con cierre a las 14:00 horas. Los resultados se estar\u00e1n dando a conocer a partir de mayo en el mismo portal.<\/p>\n\n\n\n<p><a href=\"http:\/\/cgc.qroo.gob.mx\/\">cgc.qroo.gob.mx<\/a><br><a href=\"http:\/\/qroo.gob.mx\/\">qroo.gob.mx<\/a><\/p>\n","protected":false},"excerpt":{"rendered":"<p>-La fecha l\u00edmite es hasta el 14 de marzo Chetumal.- El Consejo Quintanarroense de Humanidades, Ciencias y Tecnolog\u00edas (COQHCYT), que encabeza Cristopher Malpica Morales, invita a las y los estudiantes de licenciatura y posgrado de todas las \u00e1reas del conocimiento de las instituciones de educaci\u00f3n superior del estado, para participar en la convocatoria \u201cVerano Delf\u00edn &#8230; <a title=\"Contin\u00faa abierto el registro para participar en la convocatoria \u201cVerano Delf\u00edn 2025\u201d del COQHCYT\" class=\"read-more\" href=\"https:\/\/coqhcyt.qroo.gob.mx\/index.php\/continua-abierto-el-registro-para-participar-en-la-convocatoria-verano-delfin-2025-del-coqhcyt\/\" aria-label=\"Leer m\u00e1s sobre Contin\u00faa abierto el registro para participar en la convocatoria \u201cVerano Delf\u00edn 2025\u201d del COQHCYT\">Leer m\u00e1s<\/a><\/p>\n","protected":false},"author":4,"featured_media":36782,"comment_status":"open","ping_status":"open","sticky":false,"template":"","format":"standard","meta":{"_eb_attr":"","footnotes":""},"categories":[1],"tags":[],"class_list":["post-36779","post","type-post","status-publish","format-standard","has-post-thumbnail","hentry","category-sin-categoria"],"yoast_head":"<!-- This site is optimized with the Yoast SEO plugin v27.5 - https:\/\/yoast.com\/product\/yoast-seo-wordpress\/ -->\n<title>Contin\u00faa abierto el registro para participar en la convocatoria \u201cVerano Delf\u00edn 2025\u201d del COQHCYT - Consejo Quintanarroense de Humanidades, Ciencias y Tecnolog\u00edas<\/title>\n<meta name=\"robots\" content=\"index, follow, max-snippet:-1, max-image-preview:large, max-video-preview:-1\" \/>\n<link rel=\"canonical\" href=\"https:\/\/coqhcyt.qroo.gob.mx\/index.php\/continua-abierto-el-registro-para-participar-en-la-convocatoria-verano-delfin-2025-del-coqhcyt\/\" \/>\n<meta property=\"og:locale\" content=\"es_MX\" \/>\n<meta property=\"og:type\" content=\"article\" \/>\n<meta property=\"og:title\" content=\"Contin\u00faa abierto el registro para participar en la convocatoria \u201cVerano Delf\u00edn 2025\u201d del COQHCYT - Consejo Quintanarroense de Humanidades, Ciencias y Tecnolog\u00edas\" \/>\n<meta property=\"og:description\" content=\"-La fecha l\u00edmite es hasta el 14 de marzo Chetumal.- El Consejo Quintanarroense de Humanidades, Ciencias y Tecnolog\u00edas (COQHCYT), que encabeza Cristopher Malpica Morales, invita a las y los estudiantes de licenciatura y posgrado de todas las \u00e1reas del conocimiento de las instituciones de educaci\u00f3n superior del estado, para participar en la convocatoria \u201cVerano Delf\u00edn ... Leer m\u00e1s\" \/>\n<meta property=\"og:url\" content=\"https:\/\/coqhcyt.qroo.gob.mx\/index.php\/continua-abierto-el-registro-para-participar-en-la-convocatoria-verano-delfin-2025-del-coqhcyt\/\" \/>\n<meta property=\"og:site_name\" content=\"Consejo Quintanarroense de Humanidades, Ciencias y Tecnolog\u00edas\" \/>\n<meta property=\"article:published_time\" content=\"2025-03-12T23:02:06+00:00\" \/>\n<meta property=\"article:modified_time\" content=\"2025-03-12T23:19:48+00:00\" \/>\n<meta property=\"og:image\" content=\"https:\/\/coqhcyt.qroo.gob.mx\/wp-content\/uploads\/2025\/03\/COMUNICADO-VERANO-DELFIN-2025-03-1-scaled.jpg\" \/>\n\t<meta property=\"og:image:width\" content=\"2560\" \/>\n\t<meta property=\"og:image:height\" content=\"674\" \/>\n\t<meta property=\"og:image:type\" content=\"image\/jpeg\" \/>\n<meta name=\"author\" content=\"Jes\u00fas G\u00f3mez\" \/>\n<meta name=\"twitter:card\" content=\"summary_large_image\" \/>\n<meta name=\"twitter:label1\" content=\"Escrito por\" \/>\n\t<meta name=\"twitter:data1\" content=\"Jes\u00fas G\u00f3mez\" \/>\n\t<meta name=\"twitter:label2\" content=\"Tiempo de lectura\" \/>\n\t<meta name=\"twitter:data2\" content=\"2 minutos\" \/>\n<script type=\"application\/ld+json\" class=\"yoast-schema-graph\">{\"@context\":\"https:\\\/\\\/schema.org\",\"@graph\":[{\"@type\":\"Article\",\"@id\":\"https:\\\/\\\/coqhcyt.qroo.gob.mx\\\/index.php\\\/continua-abierto-el-registro-para-participar-en-la-convocatoria-verano-delfin-2025-del-coqhcyt\\\/#article\",\"isPartOf\":{\"@id\":\"https:\\\/\\\/coqhcyt.qroo.gob.mx\\\/index.php\\\/continua-abierto-el-registro-para-participar-en-la-convocatoria-verano-delfin-2025-del-coqhcyt\\\/\"},\"author\":{\"name\":\"Jes\u00fas G\u00f3mez\",\"@id\":\"https:\\\/\\\/coqhcyt.qroo.gob.mx\\\/#\\\/schema\\\/person\\\/f7ae0a6e103bf4d7d8eea0b7b3b97000\"},\"headline\":\"Contin\u00faa abierto el registro para participar en la convocatoria \u201cVerano Delf\u00edn 2025\u201d del COQHCYT\",\"datePublished\":\"2025-03-12T23:02:06+00:00\",\"dateModified\":\"2025-03-12T23:19:48+00:00\",\"mainEntityOfPage\":{\"@id\":\"https:\\\/\\\/coqhcyt.qroo.gob.mx\\\/index.php\\\/continua-abierto-el-registro-para-participar-en-la-convocatoria-verano-delfin-2025-del-coqhcyt\\\/\"},\"wordCount\":302,\"commentCount\":0,\"publisher\":{\"@id\":\"https:\\\/\\\/coqhcyt.qroo.gob.mx\\\/#organization\"},\"image\":{\"@id\":\"https:\\\/\\\/coqhcyt.qroo.gob.mx\\\/index.php\\\/continua-abierto-el-registro-para-participar-en-la-convocatoria-verano-delfin-2025-del-coqhcyt\\\/#primaryimage\"},\"thumbnailUrl\":\"https:\\\/\\\/coqhcyt.qroo.gob.mx\\\/wp-content\\\/uploads\\\/2025\\\/03\\\/COMUNICADO-VERANO-DELFIN-2025-03-1-scaled.jpg\",\"articleSection\":[\"Sin Categor\u00eda\"],\"inLanguage\":\"es\",\"potentialAction\":[{\"@type\":\"CommentAction\",\"name\":\"Comment\",\"target\":[\"https:\\\/\\\/coqhcyt.qroo.gob.mx\\\/index.php\\\/continua-abierto-el-registro-para-participar-en-la-convocatoria-verano-delfin-2025-del-coqhcyt\\\/#respond\"]}]},{\"@type\":\"WebPage\",\"@id\":\"https:\\\/\\\/coqhcyt.qroo.gob.mx\\\/index.php\\\/continua-abierto-el-registro-para-participar-en-la-convocatoria-verano-delfin-2025-del-coqhcyt\\\/\",\"url\":\"https:\\\/\\\/coqhcyt.qroo.gob.mx\\\/index.php\\\/continua-abierto-el-registro-para-participar-en-la-convocatoria-verano-delfin-2025-del-coqhcyt\\\/\",\"name\":\"Contin\u00faa abierto el registro para participar en la convocatoria \u201cVerano Delf\u00edn 2025\u201d del COQHCYT - Consejo Quintanarroense de Humanidades, Ciencias y Tecnolog\u00edas\",\"isPartOf\":{\"@id\":\"https:\\\/\\\/coqhcyt.qroo.gob.mx\\\/#website\"},\"primaryImageOfPage\":{\"@id\":\"https:\\\/\\\/coqhcyt.qroo.gob.mx\\\/index.php\\\/continua-abierto-el-registro-para-participar-en-la-convocatoria-verano-delfin-2025-del-coqhcyt\\\/#primaryimage\"},\"image\":{\"@id\":\"https:\\\/\\\/coqhcyt.qroo.gob.mx\\\/index.php\\\/continua-abierto-el-registro-para-participar-en-la-convocatoria-verano-delfin-2025-del-coqhcyt\\\/#primaryimage\"},\"thumbnailUrl\":\"https:\\\/\\\/coqhcyt.qroo.gob.mx\\\/wp-content\\\/uploads\\\/2025\\\/03\\\/COMUNICADO-VERANO-DELFIN-2025-03-1-scaled.jpg\",\"datePublished\":\"2025-03-12T23:02:06+00:00\",\"dateModified\":\"2025-03-12T23:19:48+00:00\",\"breadcrumb\":{\"@id\":\"https:\\\/\\\/coqhcyt.qroo.gob.mx\\\/index.php\\\/continua-abierto-el-registro-para-participar-en-la-convocatoria-verano-delfin-2025-del-coqhcyt\\\/#breadcrumb\"},\"inLanguage\":\"es\",\"potentialAction\":[{\"@type\":\"ReadAction\",\"target\":[\"https:\\\/\\\/coqhcyt.qroo.gob.mx\\\/index.php\\\/continua-abierto-el-registro-para-participar-en-la-convocatoria-verano-delfin-2025-del-coqhcyt\\\/\"]}]},{\"@type\":\"ImageObject\",\"inLanguage\":\"es\",\"@id\":\"https:\\\/\\\/coqhcyt.qroo.gob.mx\\\/index.php\\\/continua-abierto-el-registro-para-participar-en-la-convocatoria-verano-delfin-2025-del-coqhcyt\\\/#primaryimage\",\"url\":\"https:\\\/\\\/coqhcyt.qroo.gob.mx\\\/wp-content\\\/uploads\\\/2025\\\/03\\\/COMUNICADO-VERANO-DELFIN-2025-03-1-scaled.jpg\",\"contentUrl\":\"https:\\\/\\\/coqhcyt.qroo.gob.mx\\\/wp-content\\\/uploads\\\/2025\\\/03\\\/COMUNICADO-VERANO-DELFIN-2025-03-1-scaled.jpg\",\"width\":2560,\"height\":674},{\"@type\":\"BreadcrumbList\",\"@id\":\"https:\\\/\\\/coqhcyt.qroo.gob.mx\\\/index.php\\\/continua-abierto-el-registro-para-participar-en-la-convocatoria-verano-delfin-2025-del-coqhcyt\\\/#breadcrumb\",\"itemListElement\":[{\"@type\":\"ListItem\",\"position\":1,\"name\":\"Inicio\",\"item\":\"https:\\\/\\\/coqhcyt.qroo.gob.mx\\\/\"},{\"@type\":\"ListItem\",\"position\":2,\"name\":\"Contin\u00faa abierto el registro para participar en la convocatoria \u201cVerano Delf\u00edn 2025\u201d del COQHCYT\"}]},{\"@type\":\"WebSite\",\"@id\":\"https:\\\/\\\/coqhcyt.qroo.gob.mx\\\/#website\",\"url\":\"https:\\\/\\\/coqhcyt.qroo.gob.mx\\\/\",\"name\":\"Consejo Quintanarroense de Humanidades, Ciencias y Tecnolog\u00edas\",\"description\":\"COQHCYT, anteriormente conocida como COQCYT Quintana Roo atendemos los estudios de las humanidades, ciencia y tecnolog\u00eda del estado de Quintana Roo\",\"publisher\":{\"@id\":\"https:\\\/\\\/coqhcyt.qroo.gob.mx\\\/#organization\"},\"potentialAction\":[{\"@type\":\"SearchAction\",\"target\":{\"@type\":\"EntryPoint\",\"urlTemplate\":\"https:\\\/\\\/coqhcyt.qroo.gob.mx\\\/?s={search_term_string}\"},\"query-input\":{\"@type\":\"PropertyValueSpecification\",\"valueRequired\":true,\"valueName\":\"search_term_string\"}}],\"inLanguage\":\"es\"},{\"@type\":\"Organization\",\"@id\":\"https:\\\/\\\/coqhcyt.qroo.gob.mx\\\/#organization\",\"name\":\"Consejo Quintanarroense de Humanidades, Ciencias y Tecnolog\u00edas\",\"url\":\"https:\\\/\\\/coqhcyt.qroo.gob.mx\\\/\",\"logo\":{\"@type\":\"ImageObject\",\"inLanguage\":\"es\",\"@id\":\"https:\\\/\\\/coqhcyt.qroo.gob.mx\\\/#\\\/schema\\\/logo\\\/image\\\/\",\"url\":\"https:\\\/\\\/coqhcyt.qroo.gob.mx\\\/wp-content\\\/uploads\\\/2024\\\/08\\\/cropped-LOGO-COQHCYT-e1724120083330.png\",\"contentUrl\":\"https:\\\/\\\/coqhcyt.qroo.gob.mx\\\/wp-content\\\/uploads\\\/2024\\\/08\\\/cropped-LOGO-COQHCYT-e1724120083330.png\",\"width\":6127,\"height\":1863,\"caption\":\"Consejo Quintanarroense de Humanidades, Ciencias y Tecnolog\u00edas\"},\"image\":{\"@id\":\"https:\\\/\\\/coqhcyt.qroo.gob.mx\\\/#\\\/schema\\\/logo\\\/image\\\/\"}},{\"@type\":\"Person\",\"@id\":\"https:\\\/\\\/coqhcyt.qroo.gob.mx\\\/#\\\/schema\\\/person\\\/f7ae0a6e103bf4d7d8eea0b7b3b97000\",\"name\":\"Jes\u00fas G\u00f3mez\",\"image\":{\"@type\":\"ImageObject\",\"inLanguage\":\"es\",\"@id\":\"https:\\\/\\\/secure.gravatar.com\\\/avatar\\\/925549d84997d3095f3990ac4868d1aec439b1a53c3fb6c3375bf24704ee527e?s=96&d=mm&r=g\",\"url\":\"https:\\\/\\\/secure.gravatar.com\\\/avatar\\\/925549d84997d3095f3990ac4868d1aec439b1a53c3fb6c3375bf24704ee527e?s=96&d=mm&r=g\",\"contentUrl\":\"https:\\\/\\\/secure.gravatar.com\\\/avatar\\\/925549d84997d3095f3990ac4868d1aec439b1a53c3fb6c3375bf24704ee527e?s=96&d=mm&r=g\",\"caption\":\"Jes\u00fas G\u00f3mez\"},\"url\":\"https:\\\/\\\/coqhcyt.qroo.gob.mx\\\/index.php\\\/author\\\/jesus\\\/\"}]}<\/script>\n<!-- \/ Yoast SEO plugin. -->","yoast_head_json":{"title":"Contin\u00faa abierto el registro para participar en la convocatoria \u201cVerano Delf\u00edn 2025\u201d del COQHCYT - Consejo Quintanarroense de Humanidades, Ciencias y Tecnolog\u00edas","robots":{"index":"index","follow":"follow","max-snippet":"max-snippet:-1","max-image-preview":"max-image-preview:large","max-video-preview":"max-video-preview:-1"},"canonical":"https:\/\/coqhcyt.qroo.gob.mx\/index.php\/continua-abierto-el-registro-para-participar-en-la-convocatoria-verano-delfin-2025-del-coqhcyt\/","og_locale":"es_MX","og_type":"article","og_title":"Contin\u00faa abierto el registro para participar en la convocatoria \u201cVerano Delf\u00edn 2025\u201d del COQHCYT - Consejo Quintanarroense de Humanidades, Ciencias y Tecnolog\u00edas","og_description":"-La fecha l\u00edmite es hasta el 14 de marzo Chetumal.- El Consejo Quintanarroense de Humanidades, Ciencias y Tecnolog\u00edas (COQHCYT), que encabeza Cristopher Malpica Morales, invita a las y los estudiantes de licenciatura y posgrado de todas las \u00e1reas del conocimiento de las instituciones de educaci\u00f3n superior del estado, para participar en la convocatoria \u201cVerano Delf\u00edn ... Leer m\u00e1s","og_url":"https:\/\/coqhcyt.qroo.gob.mx\/index.php\/continua-abierto-el-registro-para-participar-en-la-convocatoria-verano-delfin-2025-del-coqhcyt\/","og_site_name":"Consejo Quintanarroense de Humanidades, Ciencias y Tecnolog\u00edas","article_published_time":"2025-03-12T23:02:06+00:00","article_modified_time":"2025-03-12T23:19:48+00:00","og_image":[{"width":2560,"height":674,"url":"https:\/\/coqhcyt.qroo.gob.mx\/wp-content\/uploads\/2025\/03\/COMUNICADO-VERANO-DELFIN-2025-03-1-scaled.jpg","type":"image\/jpeg"}],"author":"Jes\u00fas G\u00f3mez","twitter_card":"summary_large_image","twitter_misc":{"Escrito por":"Jes\u00fas G\u00f3mez","Tiempo de lectura":"2 minutos"},"schema":{"@context":"https:\/\/schema.org","@graph":[{"@type":"Article","@id":"https:\/\/coqhcyt.qroo.gob.mx\/index.php\/continua-abierto-el-registro-para-participar-en-la-convocatoria-verano-delfin-2025-del-coqhcyt\/#article","isPartOf":{"@id":"https:\/\/coqhcyt.qroo.gob.mx\/index.php\/continua-abierto-el-registro-para-participar-en-la-convocatoria-verano-delfin-2025-del-coqhcyt\/"},"author":{"name":"Jes\u00fas G\u00f3mez","@id":"https:\/\/coqhcyt.qroo.gob.mx\/#\/schema\/person\/f7ae0a6e103bf4d7d8eea0b7b3b97000"},"headline":"Contin\u00faa abierto el registro para participar en la convocatoria \u201cVerano Delf\u00edn 2025\u201d del COQHCYT","datePublished":"2025-03-12T23:02:06+00:00","dateModified":"2025-03-12T23:19:48+00:00","mainEntityOfPage":{"@id":"https:\/\/coqhcyt.qroo.gob.mx\/index.php\/continua-abierto-el-registro-para-participar-en-la-convocatoria-verano-delfin-2025-del-coqhcyt\/"},"wordCount":302,"commentCount":0,"publisher":{"@id":"https:\/\/coqhcyt.qroo.gob.mx\/#organization"},"image":{"@id":"https:\/\/coqhcyt.qroo.gob.mx\/index.php\/continua-abierto-el-registro-para-participar-en-la-convocatoria-verano-delfin-2025-del-coqhcyt\/#primaryimage"},"thumbnailUrl":"https:\/\/coqhcyt.qroo.gob.mx\/wp-content\/uploads\/2025\/03\/COMUNICADO-VERANO-DELFIN-2025-03-1-scaled.jpg","articleSection":["Sin Categor\u00eda"],"inLanguage":"es","potentialAction":[{"@type":"CommentAction","name":"Comment","target":["https:\/\/coqhcyt.qroo.gob.mx\/index.php\/continua-abierto-el-registro-para-participar-en-la-convocatoria-verano-delfin-2025-del-coqhcyt\/#respond"]}]},{"@type":"WebPage","@id":"https:\/\/coqhcyt.qroo.gob.mx\/index.php\/continua-abierto-el-registro-para-participar-en-la-convocatoria-verano-delfin-2025-del-coqhcyt\/","url":"https:\/\/coqhcyt.qroo.gob.mx\/index.php\/continua-abierto-el-registro-para-participar-en-la-convocatoria-verano-delfin-2025-del-coqhcyt\/","name":"Contin\u00faa abierto el registro para participar en la convocatoria \u201cVerano Delf\u00edn 2025\u201d del COQHCYT - Consejo Quintanarroense de Humanidades, Ciencias y Tecnolog\u00edas","isPartOf":{"@id":"https:\/\/coqhcyt.qroo.gob.mx\/#website"},"primaryImageOfPage":{"@id":"https:\/\/coqhcyt.qroo.gob.mx\/index.php\/continua-abierto-el-registro-para-participar-en-la-convocatoria-verano-delfin-2025-del-coqhcyt\/#primaryimage"},"image":{"@id":"https:\/\/coqhcyt.qroo.gob.mx\/index.php\/continua-abierto-el-registro-para-participar-en-la-convocatoria-verano-delfin-2025-del-coqhcyt\/#primaryimage"},"thumbnailUrl":"https:\/\/coqhcyt.qroo.gob.mx\/wp-content\/uploads\/2025\/03\/COMUNICADO-VERANO-DELFIN-2025-03-1-scaled.jpg","datePublished":"2025-03-12T23:02:06+00:00","dateModified":"2025-03-12T23:19:48+00:00","breadcrumb":{"@id":"https:\/\/coqhcyt.qroo.gob.mx\/index.php\/continua-abierto-el-registro-para-participar-en-la-convocatoria-verano-delfin-2025-del-coqhcyt\/#breadcrumb"},"inLanguage":"es","potentialAction":[{"@type":"ReadAction","target":["https:\/\/coqhcyt.qroo.gob.mx\/index.php\/continua-abierto-el-registro-para-participar-en-la-convocatoria-verano-delfin-2025-del-coqhcyt\/"]}]},{"@type":"ImageObject","inLanguage":"es","@id":"https:\/\/coqhcyt.qroo.gob.mx\/index.php\/continua-abierto-el-registro-para-participar-en-la-convocatoria-verano-delfin-2025-del-coqhcyt\/#primaryimage","url":"https:\/\/coqhcyt.qroo.gob.mx\/wp-content\/uploads\/2025\/03\/COMUNICADO-VERANO-DELFIN-2025-03-1-scaled.jpg","contentUrl":"https:\/\/coqhcyt.qroo.gob.mx\/wp-content\/uploads\/2025\/03\/COMUNICADO-VERANO-DELFIN-2025-03-1-scaled.jpg","width":2560,"height":674},{"@type":"BreadcrumbList","@id":"https:\/\/coqhcyt.qroo.gob.mx\/index.php\/continua-abierto-el-registro-para-participar-en-la-convocatoria-verano-delfin-2025-del-coqhcyt\/#breadcrumb","itemListElement":[{"@type":"ListItem","position":1,"name":"Inicio","item":"https:\/\/coqhcyt.qroo.gob.mx\/"},{"@type":"ListItem","position":2,"name":"Contin\u00faa abierto el registro para participar en la convocatoria \u201cVerano Delf\u00edn 2025\u201d del COQHCYT"}]},{"@type":"WebSite","@id":"https:\/\/coqhcyt.qroo.gob.mx\/#website","url":"https:\/\/coqhcyt.qroo.gob.mx\/","name":"Consejo Quintanarroense de Humanidades, Ciencias y Tecnolog\u00edas","description":"COQHCYT, anteriormente conocida como COQCYT Quintana Roo atendemos los estudios de las humanidades, ciencia y tecnolog\u00eda del estado de Quintana Roo","publisher":{"@id":"https:\/\/coqhcyt.qroo.gob.mx\/#organization"},"potentialAction":[{"@type":"SearchAction","target":{"@type":"EntryPoint","urlTemplate":"https:\/\/coqhcyt.qroo.gob.mx\/?s={search_term_string}"},"query-input":{"@type":"PropertyValueSpecification","valueRequired":true,"valueName":"search_term_string"}}],"inLanguage":"es"},{"@type":"Organization","@id":"https:\/\/coqhcyt.qroo.gob.mx\/#organization","name":"Consejo Quintanarroense de Humanidades, Ciencias y Tecnolog\u00edas","url":"https:\/\/coqhcyt.qroo.gob.mx\/","logo":{"@type":"ImageObject","inLanguage":"es","@id":"https:\/\/coqhcyt.qroo.gob.mx\/#\/schema\/logo\/image\/","url":"https:\/\/coqhcyt.qroo.gob.mx\/wp-content\/uploads\/2024\/08\/cropped-LOGO-COQHCYT-e1724120083330.png","contentUrl":"https:\/\/coqhcyt.qroo.gob.mx\/wp-content\/uploads\/2024\/08\/cropped-LOGO-COQHCYT-e1724120083330.png","width":6127,"height":1863,"caption":"Consejo Quintanarroense de Humanidades, Ciencias y Tecnolog\u00edas"},"image":{"@id":"https:\/\/coqhcyt.qroo.gob.mx\/#\/schema\/logo\/image\/"}},{"@type":"Person","@id":"https:\/\/coqhcyt.qroo.gob.mx\/#\/schema\/person\/f7ae0a6e103bf4d7d8eea0b7b3b97000","name":"Jes\u00fas G\u00f3mez","image":{"@type":"ImageObject","inLanguage":"es","@id":"https:\/\/secure.gravatar.com\/avatar\/925549d84997d3095f3990ac4868d1aec439b1a53c3fb6c3375bf24704ee527e?s=96&d=mm&r=g","url":"https:\/\/secure.gravatar.com\/avatar\/925549d84997d3095f3990ac4868d1aec439b1a53c3fb6c3375bf24704ee527e?s=96&d=mm&r=g","contentUrl":"https:\/\/secure.gravatar.com\/avatar\/925549d84997d3095f3990ac4868d1aec439b1a53c3fb6c3375bf24704ee527e?s=96&d=mm&r=g","caption":"Jes\u00fas G\u00f3mez"},"url":"https:\/\/coqhcyt.qroo.gob.mx\/index.php\/author\/jesus\/"}]}},"_links":{"self":[{"href":"https:\/\/coqhcyt.qroo.gob.mx\/index.php\/wp-json\/wp\/v2\/posts\/36779","targetHints":{"allow":["GET"]}}],"collection":[{"href":"https:\/\/coqhcyt.qroo.gob.mx\/index.php\/wp-json\/wp\/v2\/posts"}],"about":[{"href":"https:\/\/coqhcyt.qroo.gob.mx\/index.php\/wp-json\/wp\/v2\/types\/post"}],"author":[{"embeddable":true,"href":"https:\/\/coqhcyt.qroo.gob.mx\/index.php\/wp-json\/wp\/v2\/users\/4"}],"replies":[{"embeddable":true,"href":"https:\/\/coqhcyt.qroo.gob.mx\/index.php\/wp-json\/wp\/v2\/comments?post=36779"}],"version-history":[{"count":1,"href":"https:\/\/coqhcyt.qroo.gob.mx\/index.php\/wp-json\/wp\/v2\/posts\/36779\/revisions"}],"predecessor-version":[{"id":36780,"href":"https:\/\/coqhcyt.qroo.gob.mx\/index.php\/wp-json\/wp\/v2\/posts\/36779\/revisions\/36780"}],"wp:featuredmedia":[{"embeddable":true,"href":"https:\/\/coqhcyt.qroo.gob.mx\/index.php\/wp-json\/wp\/v2\/media\/36782"}],"wp:attachment":[{"href":"https:\/\/coqhcyt.qroo.gob.mx\/index.php\/wp-json\/wp\/v2\/media?parent=36779"}],"wp:term":[{"taxonomy":"category","embeddable":true,"href":"https:\/\/coqhcyt.qroo.gob.mx\/index.php\/wp-json\/wp\/v2\/categories?post=36779"},{"taxonomy":"post_tag","embeddable":true,"href":"https:\/\/coqhcyt.qroo.gob.mx\/index.php\/wp-json\/wp\/v2\/tags?post=36779"}],"curies":[{"name":"wp","href":"https:\/\/api.w.org\/{rel}","templated":true}]}}