{"id":37748,"date":"2026-03-02T11:53:58","date_gmt":"2026-03-02T16:53:58","guid":{"rendered":"https:\/\/coqhcyt.qroo.gob.mx\/?p=37748"},"modified":"2026-03-02T11:53:59","modified_gmt":"2026-03-02T16:53:59","slug":"registro-a-la-propiedad-industrial-marcas-e-invenciones-2026","status":"publish","type":"post","link":"https:\/\/coqhcyt.qroo.gob.mx\/index.php\/registro-a-la-propiedad-industrial-marcas-e-invenciones-2026\/","title":{"rendered":"REGISTRO A LA PROPIEDAD INDUSTRIAL, MARCAS E INVENCIONES 2026"},"content":{"rendered":"\n<div data-wp-interactive=\"core\/file\" class=\"wp-block-file\"><object data-wp-bind--hidden=\"!state.hasPdfPreview\" hidden class=\"wp-block-file__embed\" data=\"https:\/\/coqhcyt.qroo.gob.mx\/wp-content\/uploads\/2026\/03\/Conv_Registro-Propiedad-industrial-2026_ok.pdf\" type=\"application\/pdf\" style=\"width:100%;height:600px\" aria-label=\"Incrustado de Conv_Registro Propiedad industrial 2026_ok.\"><\/object><a id=\"wp-block-file--media-3c5a1ed6-e8c3-44ae-89b2-1c327e87fa59\" href=\"https:\/\/coqhcyt.qroo.gob.mx\/wp-content\/uploads\/2026\/03\/Conv_Registro-Propiedad-industrial-2026_ok.pdf\">Conv_Registro Propiedad industrial 2026_ok<\/a><a href=\"https:\/\/coqhcyt.qroo.gob.mx\/wp-content\/uploads\/2026\/03\/Conv_Registro-Propiedad-industrial-2026_ok.pdf\" class=\"wp-block-file__button wp-element-button\" download aria-describedby=\"wp-block-file--media-3c5a1ed6-e8c3-44ae-89b2-1c327e87fa59\">Descarga<\/a><\/div>\n","protected":false},"excerpt":{"rendered":"","protected":false},"author":4,"featured_media":37738,"comment_status":"open","ping_status":"open","sticky":false,"template":"","format":"standard","meta":{"_eb_attr":"","footnotes":""},"categories":[1],"tags":[],"class_list":["post-37748","post","type-post","status-publish","format-standard","has-post-thumbnail","hentry","category-sin-categoria"],"yoast_head":"<!-- This site is optimized with the Yoast SEO plugin v27.5 - https:\/\/yoast.com\/product\/yoast-seo-wordpress\/ -->\n<title>REGISTRO A LA PROPIEDAD INDUSTRIAL, MARCAS E INVENCIONES 2026 - Consejo Quintanarroense de Humanidades, Ciencias y Tecnolog\u00edas<\/title>\n<meta name=\"robots\" content=\"index, follow, max-snippet:-1, max-image-preview:large, max-video-preview:-1\" \/>\n<link rel=\"canonical\" href=\"https:\/\/coqhcyt.qroo.gob.mx\/index.php\/registro-a-la-propiedad-industrial-marcas-e-invenciones-2026\/\" \/>\n<meta property=\"og:locale\" content=\"es_MX\" \/>\n<meta property=\"og:type\" content=\"article\" \/>\n<meta property=\"og:title\" content=\"REGISTRO A LA PROPIEDAD INDUSTRIAL, MARCAS E INVENCIONES 2026 - Consejo Quintanarroense de Humanidades, Ciencias y Tecnolog\u00edas\" \/>\n<meta property=\"og:url\" content=\"https:\/\/coqhcyt.qroo.gob.mx\/index.php\/registro-a-la-propiedad-industrial-marcas-e-invenciones-2026\/\" \/>\n<meta property=\"og:site_name\" content=\"Consejo Quintanarroense de Humanidades, Ciencias y Tecnolog\u00edas\" \/>\n<meta property=\"article:published_time\" content=\"2026-03-02T16:53:58+00:00\" \/>\n<meta property=\"article:modified_time\" content=\"2026-03-02T16:53:59+00:00\" \/>\n<meta property=\"og:image\" content=\"https:\/\/coqhcyt.qroo.gob.mx\/wp-content\/uploads\/2026\/02\/LANZAMIENTO-PROPIEDAD-INDUSTRIAL-05.jpg-scaled.jpeg\" \/>\n\t<meta property=\"og:image:width\" content=\"2560\" \/>\n\t<meta property=\"og:image:height\" content=\"674\" \/>\n\t<meta property=\"og:image:type\" content=\"image\/jpeg\" \/>\n<meta name=\"author\" content=\"Jes\u00fas G\u00f3mez\" \/>\n<meta name=\"twitter:card\" content=\"summary_large_image\" \/>\n<meta name=\"twitter:label1\" content=\"Escrito por\" \/>\n\t<meta name=\"twitter:data1\" content=\"Jes\u00fas G\u00f3mez\" \/>\n\t<meta name=\"twitter:label2\" content=\"Tiempo de lectura\" \/>\n\t<meta name=\"twitter:data2\" content=\"1 minuto\" \/>\n<script type=\"application\/ld+json\" class=\"yoast-schema-graph\">{\"@context\":\"https:\\\/\\\/schema.org\",\"@graph\":[{\"@type\":\"Article\",\"@id\":\"https:\\\/\\\/coqhcyt.qroo.gob.mx\\\/index.php\\\/registro-a-la-propiedad-industrial-marcas-e-invenciones-2026\\\/#article\",\"isPartOf\":{\"@id\":\"https:\\\/\\\/coqhcyt.qroo.gob.mx\\\/index.php\\\/registro-a-la-propiedad-industrial-marcas-e-invenciones-2026\\\/\"},\"author\":{\"name\":\"Jes\u00fas G\u00f3mez\",\"@id\":\"https:\\\/\\\/coqhcyt.qroo.gob.mx\\\/#\\\/schema\\\/person\\\/f7ae0a6e103bf4d7d8eea0b7b3b97000\"},\"headline\":\"REGISTRO A LA PROPIEDAD INDUSTRIAL, MARCAS E INVENCIONES 2026\",\"datePublished\":\"2026-03-02T16:53:58+00:00\",\"dateModified\":\"2026-03-02T16:53:59+00:00\",\"mainEntityOfPage\":{\"@id\":\"https:\\\/\\\/coqhcyt.qroo.gob.mx\\\/index.php\\\/registro-a-la-propiedad-industrial-marcas-e-invenciones-2026\\\/\"},\"wordCount\":14,\"commentCount\":0,\"publisher\":{\"@id\":\"https:\\\/\\\/coqhcyt.qroo.gob.mx\\\/#organization\"},\"image\":{\"@id\":\"https:\\\/\\\/coqhcyt.qroo.gob.mx\\\/index.php\\\/registro-a-la-propiedad-industrial-marcas-e-invenciones-2026\\\/#primaryimage\"},\"thumbnailUrl\":\"https:\\\/\\\/coqhcyt.qroo.gob.mx\\\/wp-content\\\/uploads\\\/2026\\\/02\\\/LANZAMIENTO-PROPIEDAD-INDUSTRIAL-05.jpg-scaled.jpeg\",\"articleSection\":[\"Sin Categor\u00eda\"],\"inLanguage\":\"es\",\"potentialAction\":[{\"@type\":\"CommentAction\",\"name\":\"Comment\",\"target\":[\"https:\\\/\\\/coqhcyt.qroo.gob.mx\\\/index.php\\\/registro-a-la-propiedad-industrial-marcas-e-invenciones-2026\\\/#respond\"]}]},{\"@type\":\"WebPage\",\"@id\":\"https:\\\/\\\/coqhcyt.qroo.gob.mx\\\/index.php\\\/registro-a-la-propiedad-industrial-marcas-e-invenciones-2026\\\/\",\"url\":\"https:\\\/\\\/coqhcyt.qroo.gob.mx\\\/index.php\\\/registro-a-la-propiedad-industrial-marcas-e-invenciones-2026\\\/\",\"name\":\"REGISTRO A LA PROPIEDAD INDUSTRIAL, MARCAS E INVENCIONES 2026 - Consejo Quintanarroense de Humanidades, Ciencias y Tecnolog\u00edas\",\"isPartOf\":{\"@id\":\"https:\\\/\\\/coqhcyt.qroo.gob.mx\\\/#website\"},\"primaryImageOfPage\":{\"@id\":\"https:\\\/\\\/coqhcyt.qroo.gob.mx\\\/index.php\\\/registro-a-la-propiedad-industrial-marcas-e-invenciones-2026\\\/#primaryimage\"},\"image\":{\"@id\":\"https:\\\/\\\/coqhcyt.qroo.gob.mx\\\/index.php\\\/registro-a-la-propiedad-industrial-marcas-e-invenciones-2026\\\/#primaryimage\"},\"thumbnailUrl\":\"https:\\\/\\\/coqhcyt.qroo.gob.mx\\\/wp-content\\\/uploads\\\/2026\\\/02\\\/LANZAMIENTO-PROPIEDAD-INDUSTRIAL-05.jpg-scaled.jpeg\",\"datePublished\":\"2026-03-02T16:53:58+00:00\",\"dateModified\":\"2026-03-02T16:53:59+00:00\",\"breadcrumb\":{\"@id\":\"https:\\\/\\\/coqhcyt.qroo.gob.mx\\\/index.php\\\/registro-a-la-propiedad-industrial-marcas-e-invenciones-2026\\\/#breadcrumb\"},\"inLanguage\":\"es\",\"potentialAction\":[{\"@type\":\"ReadAction\",\"target\":[\"https:\\\/\\\/coqhcyt.qroo.gob.mx\\\/index.php\\\/registro-a-la-propiedad-industrial-marcas-e-invenciones-2026\\\/\"]}]},{\"@type\":\"ImageObject\",\"inLanguage\":\"es\",\"@id\":\"https:\\\/\\\/coqhcyt.qroo.gob.mx\\\/index.php\\\/registro-a-la-propiedad-industrial-marcas-e-invenciones-2026\\\/#primaryimage\",\"url\":\"https:\\\/\\\/coqhcyt.qroo.gob.mx\\\/wp-content\\\/uploads\\\/2026\\\/02\\\/LANZAMIENTO-PROPIEDAD-INDUSTRIAL-05.jpg-scaled.jpeg\",\"contentUrl\":\"https:\\\/\\\/coqhcyt.qroo.gob.mx\\\/wp-content\\\/uploads\\\/2026\\\/02\\\/LANZAMIENTO-PROPIEDAD-INDUSTRIAL-05.jpg-scaled.jpeg\",\"width\":2560,\"height\":674},{\"@type\":\"BreadcrumbList\",\"@id\":\"https:\\\/\\\/coqhcyt.qroo.gob.mx\\\/index.php\\\/registro-a-la-propiedad-industrial-marcas-e-invenciones-2026\\\/#breadcrumb\",\"itemListElement\":[{\"@type\":\"ListItem\",\"position\":1,\"name\":\"Inicio\",\"item\":\"https:\\\/\\\/coqhcyt.qroo.gob.mx\\\/\"},{\"@type\":\"ListItem\",\"position\":2,\"name\":\"REGISTRO A LA PROPIEDAD INDUSTRIAL, MARCAS E INVENCIONES 2026\"}]},{\"@type\":\"WebSite\",\"@id\":\"https:\\\/\\\/coqhcyt.qroo.gob.mx\\\/#website\",\"url\":\"https:\\\/\\\/coqhcyt.qroo.gob.mx\\\/\",\"name\":\"Consejo Quintanarroense de Humanidades, Ciencias y Tecnolog\u00edas\",\"description\":\"COQHCYT, anteriormente conocida como COQCYT Quintana Roo atendemos los estudios de las humanidades, ciencia y tecnolog\u00eda del estado de Quintana Roo\",\"publisher\":{\"@id\":\"https:\\\/\\\/coqhcyt.qroo.gob.mx\\\/#organization\"},\"potentialAction\":[{\"@type\":\"SearchAction\",\"target\":{\"@type\":\"EntryPoint\",\"urlTemplate\":\"https:\\\/\\\/coqhcyt.qroo.gob.mx\\\/?s={search_term_string}\"},\"query-input\":{\"@type\":\"PropertyValueSpecification\",\"valueRequired\":true,\"valueName\":\"search_term_string\"}}],\"inLanguage\":\"es\"},{\"@type\":\"Organization\",\"@id\":\"https:\\\/\\\/coqhcyt.qroo.gob.mx\\\/#organization\",\"name\":\"Consejo Quintanarroense de Humanidades, Ciencias y Tecnolog\u00edas\",\"url\":\"https:\\\/\\\/coqhcyt.qroo.gob.mx\\\/\",\"logo\":{\"@type\":\"ImageObject\",\"inLanguage\":\"es\",\"@id\":\"https:\\\/\\\/coqhcyt.qroo.gob.mx\\\/#\\\/schema\\\/logo\\\/image\\\/\",\"url\":\"https:\\\/\\\/coqhcyt.qroo.gob.mx\\\/wp-content\\\/uploads\\\/2024\\\/08\\\/cropped-LOGO-COQHCYT-e1724120083330.png\",\"contentUrl\":\"https:\\\/\\\/coqhcyt.qroo.gob.mx\\\/wp-content\\\/uploads\\\/2024\\\/08\\\/cropped-LOGO-COQHCYT-e1724120083330.png\",\"width\":6127,\"height\":1863,\"caption\":\"Consejo Quintanarroense de Humanidades, Ciencias y Tecnolog\u00edas\"},\"image\":{\"@id\":\"https:\\\/\\\/coqhcyt.qroo.gob.mx\\\/#\\\/schema\\\/logo\\\/image\\\/\"}},{\"@type\":\"Person\",\"@id\":\"https:\\\/\\\/coqhcyt.qroo.gob.mx\\\/#\\\/schema\\\/person\\\/f7ae0a6e103bf4d7d8eea0b7b3b97000\",\"name\":\"Jes\u00fas G\u00f3mez\",\"image\":{\"@type\":\"ImageObject\",\"inLanguage\":\"es\",\"@id\":\"https:\\\/\\\/secure.gravatar.com\\\/avatar\\\/925549d84997d3095f3990ac4868d1aec439b1a53c3fb6c3375bf24704ee527e?s=96&d=mm&r=g\",\"url\":\"https:\\\/\\\/secure.gravatar.com\\\/avatar\\\/925549d84997d3095f3990ac4868d1aec439b1a53c3fb6c3375bf24704ee527e?s=96&d=mm&r=g\",\"contentUrl\":\"https:\\\/\\\/secure.gravatar.com\\\/avatar\\\/925549d84997d3095f3990ac4868d1aec439b1a53c3fb6c3375bf24704ee527e?s=96&d=mm&r=g\",\"caption\":\"Jes\u00fas G\u00f3mez\"},\"url\":\"https:\\\/\\\/coqhcyt.qroo.gob.mx\\\/index.php\\\/author\\\/jesus\\\/\"}]}<\/script>\n<!-- \/ Yoast SEO plugin. -->","yoast_head_json":{"title":"REGISTRO A LA PROPIEDAD INDUSTRIAL, MARCAS E INVENCIONES 2026 - Consejo Quintanarroense de Humanidades, Ciencias y Tecnolog\u00edas","robots":{"index":"index","follow":"follow","max-snippet":"max-snippet:-1","max-image-preview":"max-image-preview:large","max-video-preview":"max-video-preview:-1"},"canonical":"https:\/\/coqhcyt.qroo.gob.mx\/index.php\/registro-a-la-propiedad-industrial-marcas-e-invenciones-2026\/","og_locale":"es_MX","og_type":"article","og_title":"REGISTRO A LA PROPIEDAD INDUSTRIAL, MARCAS E INVENCIONES 2026 - Consejo Quintanarroense de Humanidades, Ciencias y Tecnolog\u00edas","og_url":"https:\/\/coqhcyt.qroo.gob.mx\/index.php\/registro-a-la-propiedad-industrial-marcas-e-invenciones-2026\/","og_site_name":"Consejo Quintanarroense de Humanidades, Ciencias y Tecnolog\u00edas","article_published_time":"2026-03-02T16:53:58+00:00","article_modified_time":"2026-03-02T16:53:59+00:00","og_image":[{"width":2560,"height":674,"url":"https:\/\/coqhcyt.qroo.gob.mx\/wp-content\/uploads\/2026\/02\/LANZAMIENTO-PROPIEDAD-INDUSTRIAL-05.jpg-scaled.jpeg","type":"image\/jpeg"}],"author":"Jes\u00fas G\u00f3mez","twitter_card":"summary_large_image","twitter_misc":{"Escrito por":"Jes\u00fas G\u00f3mez","Tiempo de lectura":"1 minuto"},"schema":{"@context":"https:\/\/schema.org","@graph":[{"@type":"Article","@id":"https:\/\/coqhcyt.qroo.gob.mx\/index.php\/registro-a-la-propiedad-industrial-marcas-e-invenciones-2026\/#article","isPartOf":{"@id":"https:\/\/coqhcyt.qroo.gob.mx\/index.php\/registro-a-la-propiedad-industrial-marcas-e-invenciones-2026\/"},"author":{"name":"Jes\u00fas G\u00f3mez","@id":"https:\/\/coqhcyt.qroo.gob.mx\/#\/schema\/person\/f7ae0a6e103bf4d7d8eea0b7b3b97000"},"headline":"REGISTRO A LA PROPIEDAD INDUSTRIAL, MARCAS E INVENCIONES 2026","datePublished":"2026-03-02T16:53:58+00:00","dateModified":"2026-03-02T16:53:59+00:00","mainEntityOfPage":{"@id":"https:\/\/coqhcyt.qroo.gob.mx\/index.php\/registro-a-la-propiedad-industrial-marcas-e-invenciones-2026\/"},"wordCount":14,"commentCount":0,"publisher":{"@id":"https:\/\/coqhcyt.qroo.gob.mx\/#organization"},"image":{"@id":"https:\/\/coqhcyt.qroo.gob.mx\/index.php\/registro-a-la-propiedad-industrial-marcas-e-invenciones-2026\/#primaryimage"},"thumbnailUrl":"https:\/\/coqhcyt.qroo.gob.mx\/wp-content\/uploads\/2026\/02\/LANZAMIENTO-PROPIEDAD-INDUSTRIAL-05.jpg-scaled.jpeg","articleSection":["Sin Categor\u00eda"],"inLanguage":"es","potentialAction":[{"@type":"CommentAction","name":"Comment","target":["https:\/\/coqhcyt.qroo.gob.mx\/index.php\/registro-a-la-propiedad-industrial-marcas-e-invenciones-2026\/#respond"]}]},{"@type":"WebPage","@id":"https:\/\/coqhcyt.qroo.gob.mx\/index.php\/registro-a-la-propiedad-industrial-marcas-e-invenciones-2026\/","url":"https:\/\/coqhcyt.qroo.gob.mx\/index.php\/registro-a-la-propiedad-industrial-marcas-e-invenciones-2026\/","name":"REGISTRO A LA PROPIEDAD INDUSTRIAL, MARCAS E INVENCIONES 2026 - Consejo Quintanarroense de Humanidades, Ciencias y Tecnolog\u00edas","isPartOf":{"@id":"https:\/\/coqhcyt.qroo.gob.mx\/#website"},"primaryImageOfPage":{"@id":"https:\/\/coqhcyt.qroo.gob.mx\/index.php\/registro-a-la-propiedad-industrial-marcas-e-invenciones-2026\/#primaryimage"},"image":{"@id":"https:\/\/coqhcyt.qroo.gob.mx\/index.php\/registro-a-la-propiedad-industrial-marcas-e-invenciones-2026\/#primaryimage"},"thumbnailUrl":"https:\/\/coqhcyt.qroo.gob.mx\/wp-content\/uploads\/2026\/02\/LANZAMIENTO-PROPIEDAD-INDUSTRIAL-05.jpg-scaled.jpeg","datePublished":"2026-03-02T16:53:58+00:00","dateModified":"2026-03-02T16:53:59+00:00","breadcrumb":{"@id":"https:\/\/coqhcyt.qroo.gob.mx\/index.php\/registro-a-la-propiedad-industrial-marcas-e-invenciones-2026\/#breadcrumb"},"inLanguage":"es","potentialAction":[{"@type":"ReadAction","target":["https:\/\/coqhcyt.qroo.gob.mx\/index.php\/registro-a-la-propiedad-industrial-marcas-e-invenciones-2026\/"]}]},{"@type":"ImageObject","inLanguage":"es","@id":"https:\/\/coqhcyt.qroo.gob.mx\/index.php\/registro-a-la-propiedad-industrial-marcas-e-invenciones-2026\/#primaryimage","url":"https:\/\/coqhcyt.qroo.gob.mx\/wp-content\/uploads\/2026\/02\/LANZAMIENTO-PROPIEDAD-INDUSTRIAL-05.jpg-scaled.jpeg","contentUrl":"https:\/\/coqhcyt.qroo.gob.mx\/wp-content\/uploads\/2026\/02\/LANZAMIENTO-PROPIEDAD-INDUSTRIAL-05.jpg-scaled.jpeg","width":2560,"height":674},{"@type":"BreadcrumbList","@id":"https:\/\/coqhcyt.qroo.gob.mx\/index.php\/registro-a-la-propiedad-industrial-marcas-e-invenciones-2026\/#breadcrumb","itemListElement":[{"@type":"ListItem","position":1,"name":"Inicio","item":"https:\/\/coqhcyt.qroo.gob.mx\/"},{"@type":"ListItem","position":2,"name":"REGISTRO A LA PROPIEDAD INDUSTRIAL, MARCAS E INVENCIONES 2026"}]},{"@type":"WebSite","@id":"https:\/\/coqhcyt.qroo.gob.mx\/#website","url":"https:\/\/coqhcyt.qroo.gob.mx\/","name":"Consejo Quintanarroense de Humanidades, Ciencias y Tecnolog\u00edas","description":"COQHCYT, anteriormente conocida como COQCYT Quintana Roo atendemos los estudios de las humanidades, ciencia y tecnolog\u00eda del estado de Quintana Roo","publisher":{"@id":"https:\/\/coqhcyt.qroo.gob.mx\/#organization"},"potentialAction":[{"@type":"SearchAction","target":{"@type":"EntryPoint","urlTemplate":"https:\/\/coqhcyt.qroo.gob.mx\/?s={search_term_string}"},"query-input":{"@type":"PropertyValueSpecification","valueRequired":true,"valueName":"search_term_string"}}],"inLanguage":"es"},{"@type":"Organization","@id":"https:\/\/coqhcyt.qroo.gob.mx\/#organization","name":"Consejo Quintanarroense de Humanidades, Ciencias y Tecnolog\u00edas","url":"https:\/\/coqhcyt.qroo.gob.mx\/","logo":{"@type":"ImageObject","inLanguage":"es","@id":"https:\/\/coqhcyt.qroo.gob.mx\/#\/schema\/logo\/image\/","url":"https:\/\/coqhcyt.qroo.gob.mx\/wp-content\/uploads\/2024\/08\/cropped-LOGO-COQHCYT-e1724120083330.png","contentUrl":"https:\/\/coqhcyt.qroo.gob.mx\/wp-content\/uploads\/2024\/08\/cropped-LOGO-COQHCYT-e1724120083330.png","width":6127,"height":1863,"caption":"Consejo Quintanarroense de Humanidades, Ciencias y Tecnolog\u00edas"},"image":{"@id":"https:\/\/coqhcyt.qroo.gob.mx\/#\/schema\/logo\/image\/"}},{"@type":"Person","@id":"https:\/\/coqhcyt.qroo.gob.mx\/#\/schema\/person\/f7ae0a6e103bf4d7d8eea0b7b3b97000","name":"Jes\u00fas G\u00f3mez","image":{"@type":"ImageObject","inLanguage":"es","@id":"https:\/\/secure.gravatar.com\/avatar\/925549d84997d3095f3990ac4868d1aec439b1a53c3fb6c3375bf24704ee527e?s=96&d=mm&r=g","url":"https:\/\/secure.gravatar.com\/avatar\/925549d84997d3095f3990ac4868d1aec439b1a53c3fb6c3375bf24704ee527e?s=96&d=mm&r=g","contentUrl":"https:\/\/secure.gravatar.com\/avatar\/925549d84997d3095f3990ac4868d1aec439b1a53c3fb6c3375bf24704ee527e?s=96&d=mm&r=g","caption":"Jes\u00fas G\u00f3mez"},"url":"https:\/\/coqhcyt.qroo.gob.mx\/index.php\/author\/jesus\/"}]}},"_links":{"self":[{"href":"https:\/\/coqhcyt.qroo.gob.mx\/index.php\/wp-json\/wp\/v2\/posts\/37748","targetHints":{"allow":["GET"]}}],"collection":[{"href":"https:\/\/coqhcyt.qroo.gob.mx\/index.php\/wp-json\/wp\/v2\/posts"}],"about":[{"href":"https:\/\/coqhcyt.qroo.gob.mx\/index.php\/wp-json\/wp\/v2\/types\/post"}],"author":[{"embeddable":true,"href":"https:\/\/coqhcyt.qroo.gob.mx\/index.php\/wp-json\/wp\/v2\/users\/4"}],"replies":[{"embeddable":true,"href":"https:\/\/coqhcyt.qroo.gob.mx\/index.php\/wp-json\/wp\/v2\/comments?post=37748"}],"version-history":[{"count":1,"href":"https:\/\/coqhcyt.qroo.gob.mx\/index.php\/wp-json\/wp\/v2\/posts\/37748\/revisions"}],"predecessor-version":[{"id":37751,"href":"https:\/\/coqhcyt.qroo.gob.mx\/index.php\/wp-json\/wp\/v2\/posts\/37748\/revisions\/37751"}],"wp:featuredmedia":[{"embeddable":true,"href":"https:\/\/coqhcyt.qroo.gob.mx\/index.php\/wp-json\/wp\/v2\/media\/37738"}],"wp:attachment":[{"href":"https:\/\/coqhcyt.qroo.gob.mx\/index.php\/wp-json\/wp\/v2\/media?parent=37748"}],"wp:term":[{"taxonomy":"category","embeddable":true,"href":"https:\/\/coqhcyt.qroo.gob.mx\/index.php\/wp-json\/wp\/v2\/categories?post=37748"},{"taxonomy":"post_tag","embeddable":true,"href":"https:\/\/coqhcyt.qroo.gob.mx\/index.php\/wp-json\/wp\/v2\/tags?post=37748"}],"curies":[{"name":"wp","href":"https:\/\/api.w.org\/{rel}","templated":true}]}}